{"id":94376,"date":"2022-10-15T20:21:55","date_gmt":"2022-10-15T23:21:55","guid":{"rendered":"https:\/\/primicias2262.com\/?p=94376"},"modified":"2022-10-15T20:21:55","modified_gmt":"2022-10-15T23:21:55","slug":"colorido-encuentro-en-el-mes-de-la-lucha-contra-el-cancer-de-mamas","status":"publish","type":"post","link":"https:\/\/primicias2262.com\/noticias\/colorido-encuentro-en-el-mes-de-la-lucha-contra-el-cancer-de-mamas\/","title":{"rendered":"Colorido encuentro en el mes de la lucha contra el c\u00e1ncer de mamas"},"content":{"rendered":"<p>Este 14 de Octubre el CEF Nro. 63 llev\u00f3 adelante el Encuentro de EFA en el marco del mes de la lucha contra el c\u00e1ncer de mamas, en el que se hicieron presentes con diferentes coreograf\u00edas los CEF Nro. 21 de San Cayetano, 43 Lober\u00eda, 76 de Quequ\u00e9n, 113 de Orense y el Anfitri\u00f3n 63 de Juan N. Fern\u00e1ndez.<\/p>\n<p>Los organizadores indicaron que se vivi\u00f3 una jornada a puro movimiento con el desfile de las delegaciones con sus alumnas, profesores y equipos de Conducci\u00f3n.<\/p>\n<p>Catalina Trucco la directora dio la bienvenida, posteriormente la TDM Dra. Maria D\u00b4Amario dio las recomendaciones, prevenci\u00f3n sobre la importancia de la detecci\u00f3n y consulta de la tem\u00e1tica del C\u00e1ncer de Mamas. La entrada en calor estuvo cargo del profesor Adrian Retamozo, y posteriormente cada Cef hizo su presentaci\u00f3n.<\/p>\n<p>El cierre fue multitudinario y con la presencia del Master Class profesor Pablo Coria, posteriormente se present\u00f3 \u00bbEl Pampa\u00bb con Zumba donde durante 1hs 30 minutos que el p\u00fablico ovacion\u00f3 y particip\u00f3 de la misma.<\/p>\n<p>El equipo Directivo integrado por la profesora Catalina Trucco Directora, el regente Angel Vallejos quien oficio de Locutor, la secretaria Adriana Ochoa, auxiliares y la Asociaci\u00f3n Cooperadora agradecieron a todos los presentes.<\/p>\n","protected":false},"excerpt":{"rendered":"<p>Este 14 de Octubre el CEF Nro. 63 llev\u00f3 adelante el Encuentro de EFA en el marco del mes de la lucha contra el c\u00e1ncer de mamas, en el que se hicieron presentes con diferentes coreograf\u00edas los CEF Nro. 21 de San Cayetano, 43 Lober\u00eda, 76 de Quequ\u00e9n, 113 de Orense y el Anfitri\u00f3n 63 [&hellip;]<\/p>\n","protected":false},"author":3,"featured_media":94377,"comment_status":"closed","ping_status":"closed","sticky":false,"template":"","format":"standard","meta":{"footnotes":""},"categories":[3],"tags":[],"class_list":["post-94376","post","type-post","status-publish","format-standard","has-post-thumbnail","category-masnoticias"],"_links":{"self":[{"href":"https:\/\/primicias2262.com\/noticias\/wp-json\/wp\/v2\/posts\/94376","targetHints":{"allow":["GET"]}}],"collection":[{"href":"https:\/\/primicias2262.com\/noticias\/wp-json\/wp\/v2\/posts"}],"about":[{"href":"https:\/\/primicias2262.com\/noticias\/wp-json\/wp\/v2\/types\/post"}],"author":[{"embeddable":true,"href":"https:\/\/primicias2262.com\/noticias\/wp-json\/wp\/v2\/users\/3"}],"replies":[{"embeddable":true,"href":"https:\/\/primicias2262.com\/noticias\/wp-json\/wp\/v2\/comments?post=94376"}],"version-history":[{"count":0,"href":"https:\/\/primicias2262.com\/noticias\/wp-json\/wp\/v2\/posts\/94376\/revisions"}],"wp:attachment":[{"href":"https:\/\/primicias2262.com\/noticias\/wp-json\/wp\/v2\/media?parent=94376"}],"wp:term":[{"taxonomy":"category","embeddable":true,"href":"https:\/\/primicias2262.com\/noticias\/wp-json\/wp\/v2\/categories?post=94376"},{"taxonomy":"post_tag","embeddable":true,"href":"https:\/\/primicias2262.com\/noticias\/wp-json\/wp\/v2\/tags?post=94376"}],"curies":[{"name":"wp","href":"https:\/\/api.w.org\/{rel}","templated":true}]}}