{"id":94379,"date":"2022-10-15T20:25:34","date_gmt":"2022-10-15T23:25:34","guid":{"rendered":"https:\/\/primicias2262.com\/?p=94379"},"modified":"2022-10-15T20:25:34","modified_gmt":"2022-10-15T23:25:34","slug":"sanchez-jauregui-debemos-articular-y-generar-una-salida-laboral-para-los-jovenes","status":"publish","type":"post","link":"https:\/\/primicias2262.com\/noticias\/sanchez-jauregui-debemos-articular-y-generar-una-salida-laboral-para-los-jovenes\/","title":{"rendered":"S\u00e1nchez J\u00e1uregui: \u201cDebemos articular y generar una salida laboral para los j\u00f3venes\u00bb"},"content":{"rendered":"<p>La diputada provincial, Natalia S\u00e1nchez Jauregui, mantuvo un encuentro con representantes del Centro de Formaci\u00f3n Laboral N\u00b0 403\u00a0 \u201cEnrique Zen\u00f3n Villar\u201d, con el objetivo puesto en \u201carticular y generar una salida laboral, sobre todo para los m\u00e1s j\u00f3venes\u201d.<\/p>\n<p>La legisladora dialog\u00f3 con Gustavo Rodr\u00edguez , quien la interioriz\u00f3 sobre la situaci\u00f3n que vive la instituci\u00f3n educativa, a la cual concurren m\u00e1s de 600 alumnos y donde se brindan varios talleres, tanto en su sede central como en las localidades de La Dulce, Juan N. Fern\u00e1ndez y Ram\u00f3n Santamarina.<\/p>\n<p>Los directivos del CFL comentaron que en la actualidad \u201csomos uno de los centros laborales que m\u00e1s horas c\u00e1tedra tenemos, con m\u00e1s de 300 y brindamos alrededor de 45 cursos al a\u00f1o\u201d, en su mayor\u00eda vinculados al mundo agropecuario.<\/p>\n<p>\u201cPara nosotros es muy importante la oferta que tienen\u201d, destac\u00f3 la diputada del Partido FE, y a\u00f1adi\u00f3 que \u201cnos interesa mucho que la instituci\u00f3n pueda articular con la Delegaci\u00f3n Necochea del Ministerio de Trabajo de la Provincia, buscando capacitaciones para el sector tur\u00edstico, fundamentalmente\u201d.<\/p>\n<p>En el centro de formaci\u00f3n se brindan cursos de apicultura, jardiner\u00eda, orde\u00f1ador podador,inseminaci\u00f3n artificial, electricista industrial, mec\u00e1nica, administraci\u00f3n, tejido y habilidades digitales, entre otros.<\/p>\n<p>Durante el encuentro, Rodr\u00edguez coment\u00f3 algunas necesidades que tiene la instituci\u00f3n, por lo que la legisladora se mostr\u00f3 abierta a poder colaborar para la articulaci\u00f3n de nuevos cursos y tambi\u00e9n la adquisici\u00f3n de materiales.<\/p>\n<p>Seg\u00fan explicaron, la pandemia Covid-19 gener\u00f3 una merma en la matr\u00edcula habitual que tiene el Centro de Formaci\u00f3n Laboral, ya que luego de llegar a casi 1000 inscriptos, en la actualidad cuentan con poco m\u00e1s de 600.<\/p>\n<p>\u201cNos ponemos a disposici\u00f3n para lo que necesiten, porque sabemos que es fundamental capacitar a j\u00f3venes y generar mano de obra local\u201d, detall\u00f3 S\u00e1nchez Jauregui, tras una recorrida por todo el establecimiento, donde adem\u00e1s pudo dialogar con las talleristas de costura que se encontraban cursando.<\/p>\n<p>Por \u00faltimo, afirm\u00f3 que \u201cvamos a continuar dialogando sobre otros cursos y talleres, como pueden ser sobre derechos laborales y tambi\u00e9n cuestiones que hacen a la salud y la seguridad en el trabajo\u201d.<\/p>\n","protected":false},"excerpt":{"rendered":"<p>La diputada provincial, Natalia S\u00e1nchez Jauregui, mantuvo un encuentro con representantes del Centro de Formaci\u00f3n Laboral N\u00b0 403\u00a0 \u201cEnrique Zen\u00f3n Villar\u201d, con el objetivo puesto en \u201carticular y generar una salida laboral, sobre todo para los m\u00e1s j\u00f3venes\u201d. La legisladora dialog\u00f3 con Gustavo Rodr\u00edguez , quien la interioriz\u00f3 sobre la situaci\u00f3n que vive la instituci\u00f3n [&hellip;]<\/p>\n","protected":false},"author":3,"featured_media":94380,"comment_status":"closed","ping_status":"closed","sticky":false,"template":"","format":"standard","meta":{"footnotes":""},"categories":[3],"tags":[],"class_list":["post-94379","post","type-post","status-publish","format-standard","has-post-thumbnail","category-masnoticias"],"_links":{"self":[{"href":"https:\/\/primicias2262.com\/noticias\/wp-json\/wp\/v2\/posts\/94379","targetHints":{"allow":["GET"]}}],"collection":[{"href":"https:\/\/primicias2262.com\/noticias\/wp-json\/wp\/v2\/posts"}],"about":[{"href":"https:\/\/primicias2262.com\/noticias\/wp-json\/wp\/v2\/types\/post"}],"author":[{"embeddable":true,"href":"https:\/\/primicias2262.com\/noticias\/wp-json\/wp\/v2\/users\/3"}],"replies":[{"embeddable":true,"href":"https:\/\/primicias2262.com\/noticias\/wp-json\/wp\/v2\/comments?post=94379"}],"version-history":[{"count":0,"href":"https:\/\/primicias2262.com\/noticias\/wp-json\/wp\/v2\/posts\/94379\/revisions"}],"wp:attachment":[{"href":"https:\/\/primicias2262.com\/noticias\/wp-json\/wp\/v2\/media?parent=94379"}],"wp:term":[{"taxonomy":"category","embeddable":true,"href":"https:\/\/primicias2262.com\/noticias\/wp-json\/wp\/v2\/categories?post=94379"},{"taxonomy":"post_tag","embeddable":true,"href":"https:\/\/primicias2262.com\/noticias\/wp-json\/wp\/v2\/tags?post=94379"}],"curies":[{"name":"wp","href":"https:\/\/api.w.org\/{rel}","templated":true}]}}