{"id":94382,"date":"2022-10-15T20:28:53","date_gmt":"2022-10-15T23:28:53","guid":{"rendered":"https:\/\/primicias2262.com\/?p=94382"},"modified":"2022-10-15T20:28:53","modified_gmt":"2022-10-15T23:28:53","slug":"lanzaron-un-concurso-para-disenar-el-logo-de-la-marca-hecho-en-necochea","status":"publish","type":"post","link":"https:\/\/primicias2262.com\/noticias\/lanzaron-un-concurso-para-disenar-el-logo-de-la-marca-hecho-en-necochea\/","title":{"rendered":"Lanzaron un concurso para dise\u00f1ar el logo de la marca \u201cHecho en Necochea\u201d"},"content":{"rendered":"<p><strong>La convocatoria estar\u00e1 abierta hasta el 19 de noviembre. La idea fundamental de esta propuesta, que tendr\u00e1 un premio de 100 mil pesos, es poder identificar los productos y servicios realizados por manos locales y ayudar a su posicionamiento en el mercado.<\/strong><\/p>\n<p>La Secretar\u00eda de Turismo y Desarrollo Productivo municipal lanz\u00f3 un concurso para el dise\u00f1o de la identidad visual de la marca \u201cHecho en Necochea\u201d, persiguiendo el objetivo principal de que los consumidores puedan identificar los productos elaborados por manos locales y, de esa manera, promover su consumo e instalaci\u00f3n en el mercado.<\/p>\n<p>El certamen, cuyas bases y condiciones se adjuntan al pie esta nota, quedar\u00e1 abierto a la participaci\u00f3n de toda la comunidad hasta el pr\u00f3ximo 19 de noviembre, con un premio para el ganador de 100 mil pesos.<\/p>\n<p>Para llegar a esta instancia, el \u00e1rea municipal impuls\u00f3 una Ordenanza que establece la necesidad de reconocer el notable crecimiento de las actividades productivas de nuestro partido y de destacarlas a trav\u00e9s de una identificaci\u00f3n con la leyenda \u201cHecho en Necochea\u201d, un proyecto que cont\u00f3 con el aval del cuerpo legislativo para su promulgaci\u00f3n.<\/p>\n<p>Asimismo, desde la Direcci\u00f3n de Emprendimientos y Pymes dependiente de la Secretar\u00eda, destacaron que, \u201cen paralelo, iniciamos el proceso de registro de la marca, la cual ser\u00e1 propiedad de la Municipalidad de Necochea\u201d.<\/p>\n<p>\u201cSu instalaci\u00f3n resulta fundamental para reconocer y diferenciar las manufacturas fabricadas, as\u00ed como como los servicios prestados por productores locales, no solo en todo el partido, sino tambi\u00e9n a nivel regional y nacional\u201d, destac\u00f3 Antonela Giglio, titular de este espacio impulsor de la iniciativa.<\/p>\n","protected":false},"excerpt":{"rendered":"<p>La convocatoria estar\u00e1 abierta hasta el 19 de noviembre. La idea fundamental de esta propuesta, que tendr\u00e1 un premio de 100 mil pesos, es poder identificar los productos y servicios realizados por manos locales y ayudar a su posicionamiento en el mercado. La Secretar\u00eda de Turismo y Desarrollo Productivo municipal lanz\u00f3 un concurso para el [&hellip;]<\/p>\n","protected":false},"author":3,"featured_media":94383,"comment_status":"closed","ping_status":"closed","sticky":false,"template":"","format":"standard","meta":{"footnotes":""},"categories":[3],"tags":[],"class_list":["post-94382","post","type-post","status-publish","format-standard","has-post-thumbnail","category-masnoticias"],"_links":{"self":[{"href":"https:\/\/primicias2262.com\/noticias\/wp-json\/wp\/v2\/posts\/94382","targetHints":{"allow":["GET"]}}],"collection":[{"href":"https:\/\/primicias2262.com\/noticias\/wp-json\/wp\/v2\/posts"}],"about":[{"href":"https:\/\/primicias2262.com\/noticias\/wp-json\/wp\/v2\/types\/post"}],"author":[{"embeddable":true,"href":"https:\/\/primicias2262.com\/noticias\/wp-json\/wp\/v2\/users\/3"}],"replies":[{"embeddable":true,"href":"https:\/\/primicias2262.com\/noticias\/wp-json\/wp\/v2\/comments?post=94382"}],"version-history":[{"count":0,"href":"https:\/\/primicias2262.com\/noticias\/wp-json\/wp\/v2\/posts\/94382\/revisions"}],"wp:attachment":[{"href":"https:\/\/primicias2262.com\/noticias\/wp-json\/wp\/v2\/media?parent=94382"}],"wp:term":[{"taxonomy":"category","embeddable":true,"href":"https:\/\/primicias2262.com\/noticias\/wp-json\/wp\/v2\/categories?post=94382"},{"taxonomy":"post_tag","embeddable":true,"href":"https:\/\/primicias2262.com\/noticias\/wp-json\/wp\/v2\/tags?post=94382"}],"curies":[{"name":"wp","href":"https:\/\/api.w.org\/{rel}","templated":true}]}}