{"id":94389,"date":"2022-10-16T20:00:18","date_gmt":"2022-10-16T23:00:18","guid":{"rendered":"https:\/\/primicias2262.com\/?p=94389"},"modified":"2022-10-16T20:00:18","modified_gmt":"2022-10-16T23:00:18","slug":"en-conjunto-con-el-samaritano-la-comuna-dicta-curso-de-iniciacion-en-la-lengua-de-senas","status":"publish","type":"post","link":"https:\/\/primicias2262.com\/noticias\/en-conjunto-con-el-samaritano-la-comuna-dicta-curso-de-iniciacion-en-la-lengua-de-senas\/","title":{"rendered":"En conjunto con El Samaritano, la comuna dicta curso de iniciaci\u00f3n en la Lengua de Se\u00f1as"},"content":{"rendered":"<p>En las instalaciones del\u00a0Hogar de Tr\u00e1nsito \u201cEl Samaritano\u201d, y gracias a un trabajo conjunto con esa instituci\u00f3n, la Municipalidad de Necochea comenz\u00f3 dictar un curso de Lengua de Se\u00f1as dirigido principalmente a los adultos mayores que acuden al lugar con frecuencia, pero tambi\u00e9n abierto a otros participantes ante el inter\u00e9s que despert\u00f3 la convocatoria.<\/p>\n<p>El taller de iniciaci\u00f3n est\u00e1 dirigido por Natali Carrizo y Stephanie Romero, dos j\u00f3venes sordas que desempe\u00f1an esta labor en la comuna a trav\u00e9s del Programa Promover, articulando con la Oficina Municipal de Empleo, mediante el cual reciben un incentivo econ\u00f3mico.<\/p>\n<p>\u201cEs la primera vez en nuestra ciudad que un curso de iniciaci\u00f3n es dictado por personas sordas, por lo que es un orgullo que sean ellas mismas quienes trasmiten su lengua\u201d, asever\u00f3 Camila Bianchi, titular del \u00c1rea de Discapacidad de la comuna, en una de las pausas de la clase.<\/p>\n<p>Acompa\u00f1ada por la presidenta del Hogar, Cecilia Gamboa, la funcionaria explic\u00f3 que estos talleres son gratuitos y tendr\u00e1n una duraci\u00f3n estimada de tres meses. \u201cLa verdad que muy contentos, porque el listado de alumnos y alumnas que se iban inscribiendo super\u00f3 todas las expectativas que ten\u00edamos\u201d, revel\u00f3 sobre su organizaci\u00f3n.<\/p>\n<p>\u201cSi bien El Samaritano tiene una poblaci\u00f3n de adultos y adultas mayores, se hizo una excepci\u00f3n porque hab\u00eda familiares y personas con una situaci\u00f3n de discapacidad que quer\u00edan participar, as\u00ed que han sido un poquito m\u00e1s flexibles con la edad\u201d, dijo.<\/p>\n<p>Sobre el contenido de la capacitaci\u00f3n, apreci\u00f3 que \u201ces un taller de iniciaci\u00f3n, es como el vocabulario b\u00e1sico que todos deber\u00edamos tener a la hora de comunicarnos con una persona con discapacidad auditiva\u201d y, por ello, \u201ces bastante intensivo\u201d.<\/p>\n<p>Describiendo sus primeras experiencias como profesora, Stephanie cont\u00f3 que para ella es placentero \u201cpoder ense\u00f1ar, es algo que me gusta, como poder ayudar a las personas sordas\u201d; y detall\u00f3 que entre el contenido que llevan viendo hasta el momento han pasado por \u201cel abecedario, los colores, las preguntas, los d\u00edas de la semana y los meses\u201d, as\u00ed como \u201coraciones para que puedan encontrarse en la calle y ayudar a una persona sorda\u201d.<\/p>\n<p>&nbsp;<\/p>\n","protected":false},"excerpt":{"rendered":"<p>En las instalaciones del\u00a0Hogar de Tr\u00e1nsito \u201cEl Samaritano\u201d, y gracias a un trabajo conjunto con esa instituci\u00f3n, la Municipalidad de Necochea comenz\u00f3 dictar un curso de Lengua de Se\u00f1as dirigido principalmente a los adultos mayores que acuden al lugar con frecuencia, pero tambi\u00e9n abierto a otros participantes ante el inter\u00e9s que despert\u00f3 la convocatoria. El [&hellip;]<\/p>\n","protected":false},"author":3,"featured_media":94390,"comment_status":"closed","ping_status":"closed","sticky":false,"template":"","format":"standard","meta":{"footnotes":""},"categories":[3],"tags":[],"class_list":["post-94389","post","type-post","status-publish","format-standard","has-post-thumbnail","category-masnoticias"],"_links":{"self":[{"href":"https:\/\/primicias2262.com\/noticias\/wp-json\/wp\/v2\/posts\/94389","targetHints":{"allow":["GET"]}}],"collection":[{"href":"https:\/\/primicias2262.com\/noticias\/wp-json\/wp\/v2\/posts"}],"about":[{"href":"https:\/\/primicias2262.com\/noticias\/wp-json\/wp\/v2\/types\/post"}],"author":[{"embeddable":true,"href":"https:\/\/primicias2262.com\/noticias\/wp-json\/wp\/v2\/users\/3"}],"replies":[{"embeddable":true,"href":"https:\/\/primicias2262.com\/noticias\/wp-json\/wp\/v2\/comments?post=94389"}],"version-history":[{"count":0,"href":"https:\/\/primicias2262.com\/noticias\/wp-json\/wp\/v2\/posts\/94389\/revisions"}],"wp:attachment":[{"href":"https:\/\/primicias2262.com\/noticias\/wp-json\/wp\/v2\/media?parent=94389"}],"wp:term":[{"taxonomy":"category","embeddable":true,"href":"https:\/\/primicias2262.com\/noticias\/wp-json\/wp\/v2\/categories?post=94389"},{"taxonomy":"post_tag","embeddable":true,"href":"https:\/\/primicias2262.com\/noticias\/wp-json\/wp\/v2\/tags?post=94389"}],"curies":[{"name":"wp","href":"https:\/\/api.w.org\/{rel}","templated":true}]}}