{"id":94409,"date":"2022-10-16T21:10:08","date_gmt":"2022-10-17T00:10:08","guid":{"rendered":"https:\/\/primicias2262.com\/?p=94409"},"modified":"2022-10-16T21:10:08","modified_gmt":"2022-10-17T00:10:08","slug":"llego-a-necochea-mobiliario-fabricado-por-la-direccion-general-de-cultura-y-educacion","status":"publish","type":"post","link":"https:\/\/primicias2262.com\/noticias\/llego-a-necochea-mobiliario-fabricado-por-la-direccion-general-de-cultura-y-educacion\/","title":{"rendered":"Lleg\u00f3 a Necochea mobiliario fabricado por la Direcci\u00f3n General de Cultura y Educaci\u00f3n"},"content":{"rendered":"<div class=\"xdj266r x11i5rnm xat24cr x1mh8g0r x1vvkbs x126k92a\">\n<p dir=\"auto\">Necochea recibi\u00f3\u00a0 mobiliario escolar elaborado en la f\u00e1brica propia de la Direcci\u00f3n General de Cultura y Educaci\u00f3n, \u00e1mbito que fue reactivado por el gobierno bonaerense y que se encuentra en proceso de ampliaci\u00f3n de su capacidad productiva.<\/p>\n<\/div>\n<div dir=\"auto\">Las 60 mesas y 120 sillas llegaron a la ciudad transportadas generosamente por el Sindicato de Fleteros y Camioneros del distrito, a partir de la articulaci\u00f3n efectuada por la consejera escolar J\u00e9sica Arce y la diputada nacional Jimena L\u00f3pez.<\/div>\n<div class=\"x11i5rnm xat24cr x1mh8g0r x1vvkbs xtlvy1s x126k92a\">\n<p dir=\"auto\">Para su descarga y posterior guardado en instalaciones del Consejo Escolar, se cont\u00f3 con la colaboraci\u00f3n de numerosos trabajandores nucleados en la CTA y el Suteba, a quienes se agradeci\u00f3 profundamente su disposici\u00f3n y haber compartido la alegr\u00eda de contar con nuevo mobiliario para los estudiantes locales.<\/p>\n<\/div>\n","protected":false},"excerpt":{"rendered":"<p>Necochea recibi\u00f3\u00a0 mobiliario escolar elaborado en la f\u00e1brica propia de la Direcci\u00f3n General de Cultura y Educaci\u00f3n, \u00e1mbito que fue reactivado por el gobierno bonaerense y que se encuentra en proceso de ampliaci\u00f3n de su capacidad productiva. Las 60 mesas y 120 sillas llegaron a la ciudad transportadas generosamente por el Sindicato de Fleteros y [&hellip;]<\/p>\n","protected":false},"author":3,"featured_media":94410,"comment_status":"closed","ping_status":"closed","sticky":false,"template":"","format":"standard","meta":{"footnotes":""},"categories":[3],"tags":[],"class_list":["post-94409","post","type-post","status-publish","format-standard","has-post-thumbnail","category-masnoticias"],"_links":{"self":[{"href":"https:\/\/primicias2262.com\/noticias\/wp-json\/wp\/v2\/posts\/94409","targetHints":{"allow":["GET"]}}],"collection":[{"href":"https:\/\/primicias2262.com\/noticias\/wp-json\/wp\/v2\/posts"}],"about":[{"href":"https:\/\/primicias2262.com\/noticias\/wp-json\/wp\/v2\/types\/post"}],"author":[{"embeddable":true,"href":"https:\/\/primicias2262.com\/noticias\/wp-json\/wp\/v2\/users\/3"}],"replies":[{"embeddable":true,"href":"https:\/\/primicias2262.com\/noticias\/wp-json\/wp\/v2\/comments?post=94409"}],"version-history":[{"count":0,"href":"https:\/\/primicias2262.com\/noticias\/wp-json\/wp\/v2\/posts\/94409\/revisions"}],"wp:attachment":[{"href":"https:\/\/primicias2262.com\/noticias\/wp-json\/wp\/v2\/media?parent=94409"}],"wp:term":[{"taxonomy":"category","embeddable":true,"href":"https:\/\/primicias2262.com\/noticias\/wp-json\/wp\/v2\/categories?post=94409"},{"taxonomy":"post_tag","embeddable":true,"href":"https:\/\/primicias2262.com\/noticias\/wp-json\/wp\/v2\/tags?post=94409"}],"curies":[{"name":"wp","href":"https:\/\/api.w.org\/{rel}","templated":true}]}}