{"id":94427,"date":"2022-10-17T15:47:14","date_gmt":"2022-10-17T18:47:14","guid":{"rendered":"https:\/\/primicias2262.com\/?p=94427"},"modified":"2022-10-17T15:47:14","modified_gmt":"2022-10-17T18:47:14","slug":"confirman-la-autorizacion-de-importantes-obras-de-infraestructura-en-varias-escuelas-del-distrito","status":"publish","type":"post","link":"https:\/\/primicias2262.com\/noticias\/confirman-la-autorizacion-de-importantes-obras-de-infraestructura-en-varias-escuelas-del-distrito\/","title":{"rendered":"Confirman la autorizaci\u00f3n de importantes obras de infraestructura en varias escuelas del distrito"},"content":{"rendered":"<p>Durante la ma\u00f1ana de \u201cVoces de la Ciudad\u201d, la presidenta del Consejo Escolar de Necochea, Silvina Jensen Menna, confirm\u00f3 la llegada de un paquete de autorizaci\u00f3n obras de infraestructura por 15 millones de pesos.<\/p>\n<p>Al ser consultada por el periodista Jorge G\u00f3mez sobre los detalles, Jensen Menna inform\u00f3 que \u201cnos lleg\u00f3 un paquete nuevo de autorizaci\u00f3n de obras que contempla el arreglo de cubierta del Jard\u00edn N\u00ba 907 de Ram\u00f3n Santamarina; de la escuela Primaria N\u00ba 5 y de la Primaria N\u00ba 42, ambas de La Dulce, obras en techos y canaleta, que era sumamente necesario\u201d.<\/p>\n<p>Pero no solo ello, sino que \u201ctambi\u00e9n la autorizaci\u00f3n para la calefacci\u00f3n del complejo de Jesuita Cardiel donde funciona la Secretar\u00eda, el Consejo y sede de inspecci\u00f3n, donde hace a\u00f1os que venimos con un problema de calefacci\u00f3n\u201d; y tambi\u00e9n el cerramiento de la fachada del Jard\u00edn de Infantes N\u00ba 915 de Quequ\u00e9n, a la vuelta de la Escuela N\u00ba 49, \u201cque tiene un ingreso demasiado libre actualmente\u201d.<\/p>\n<p>\u201cTodo eso ya est\u00e1 en el proceso licitatorio y estamos a la espera del ingreso de fondos que nos aseguraron que enviar\u00e1n para el inicio de otras obras ya licitadas, como la ampliaci\u00f3n de talleres de la T\u00e9cnica N\u00ba 1, el techo de la T\u00e9cnica N\u00ba 2\u201d, ampli\u00f3 la presidenta del CE.<\/p>\n<p>En tanto, asegur\u00f3 que \u201cya tenemos que empezar a planificar obras de 2023, hay una gran cantidad de cosas para solicitar\u201d, y culmin\u00f3 apuntando que \u201ctambi\u00e9n estamos con arreglos menores, que es con lo que vamos un poco m\u00e1s complicados porque para esos arreglos entra el fondo compensador o partidas extraordinarias que nos crean, y el fondo compensador est\u00e1 bastante flaco porque va unido a los ingresos p\u00fablicos y cuando la econom\u00eda del pa\u00eds frena nos afecta much\u00edsimo\u201d.<\/p>\n","protected":false},"excerpt":{"rendered":"<p>Durante la ma\u00f1ana de \u201cVoces de la Ciudad\u201d, la presidenta del Consejo Escolar de Necochea, Silvina Jensen Menna, confirm\u00f3 la llegada de un paquete de autorizaci\u00f3n obras de infraestructura por 15 millones de pesos. Al ser consultada por el periodista Jorge G\u00f3mez sobre los detalles, Jensen Menna inform\u00f3 que \u201cnos lleg\u00f3 un paquete nuevo de [&hellip;]<\/p>\n","protected":false},"author":3,"featured_media":94428,"comment_status":"closed","ping_status":"closed","sticky":false,"template":"","format":"standard","meta":{"footnotes":""},"categories":[3],"tags":[],"class_list":["post-94427","post","type-post","status-publish","format-standard","has-post-thumbnail","category-masnoticias"],"_links":{"self":[{"href":"https:\/\/primicias2262.com\/noticias\/wp-json\/wp\/v2\/posts\/94427","targetHints":{"allow":["GET"]}}],"collection":[{"href":"https:\/\/primicias2262.com\/noticias\/wp-json\/wp\/v2\/posts"}],"about":[{"href":"https:\/\/primicias2262.com\/noticias\/wp-json\/wp\/v2\/types\/post"}],"author":[{"embeddable":true,"href":"https:\/\/primicias2262.com\/noticias\/wp-json\/wp\/v2\/users\/3"}],"replies":[{"embeddable":true,"href":"https:\/\/primicias2262.com\/noticias\/wp-json\/wp\/v2\/comments?post=94427"}],"version-history":[{"count":0,"href":"https:\/\/primicias2262.com\/noticias\/wp-json\/wp\/v2\/posts\/94427\/revisions"}],"wp:attachment":[{"href":"https:\/\/primicias2262.com\/noticias\/wp-json\/wp\/v2\/media?parent=94427"}],"wp:term":[{"taxonomy":"category","embeddable":true,"href":"https:\/\/primicias2262.com\/noticias\/wp-json\/wp\/v2\/categories?post=94427"},{"taxonomy":"post_tag","embeddable":true,"href":"https:\/\/primicias2262.com\/noticias\/wp-json\/wp\/v2\/tags?post=94427"}],"curies":[{"name":"wp","href":"https:\/\/api.w.org\/{rel}","templated":true}]}}