{"id":94430,"date":"2022-10-17T15:50:34","date_gmt":"2022-10-17T18:50:34","guid":{"rendered":"https:\/\/primicias2262.com\/?p=94430"},"modified":"2022-10-17T15:50:34","modified_gmt":"2022-10-17T18:50:34","slug":"solicitaron-la-reapertura-de-paritarias-municipales-la-situacion-es-insostenible-para-todos","status":"publish","type":"post","link":"https:\/\/primicias2262.com\/noticias\/solicitaron-la-reapertura-de-paritarias-municipales-la-situacion-es-insostenible-para-todos\/","title":{"rendered":"Solicitaron la reapertura de paritarias municipales: \u201cLa situaci\u00f3n es insostenible para todos\u201d"},"content":{"rendered":"<p>As\u00ed lo expres\u00f3 el secretario Adjunto del Sindicato de Trabajadores Municipales, Gast\u00f3n D\u00edaz, al confirmar en \u201cVoces de la Ciudad\u201d que el pasado viernes entregaron al municipio un pedido por escrito de reapertura de paritarias tras el acuerdo del 62%, aunque con una inflaci\u00f3n que no para de crecer.<\/p>\n<p>En di\u00e1logo con el periodista Jorge G\u00f3mez, el gremialista se\u00f1al\u00f3 que la situaci\u00f3n econ\u00f3mica afecta a las dos partes: \u201cEs terrible la situaci\u00f3n, insostenible para todos, no solo para nosotros los trabajadores con los salarios desvirtuados totalmente que no alcanzan para nada, sino tambi\u00e9n para el Intendente Arturo Rojas y el hecho de poder sostener la econom\u00eda\u201d.<\/p>\n<p>En ese contexto, confirm\u00f3 que \u201chicimos pedido por escrito de reapertura de paritarias, de hecho, cuando se acord\u00f3 ese 62 % dijimos que si la inflaci\u00f3n segu\u00eda a este ritmo \u00edbamos a solicitar la reapertura. A la fecha con la inflaci\u00f3n de septiembre estamos en un 66% y faltan tres meses para completar el a\u00f1o\u201d.<\/p>\n<p>Si bien transmiti\u00f3 la preocupaci\u00f3n del sector y no mencion\u00f3 porcentajes a plantear, cuando se le consult\u00f3 sobre un posible 100% de aumento, D\u00edaz reconoci\u00f3 que \u201cojala Dios quiera fuera del 100%, nosotros hemos tratado siempre de ir al ritmo de la inflaci\u00f3n, aunque sabemos que ser\u00e1 complicado cumplir con eso\u201d.<\/p>\n<p>Asimismo, dej\u00f3 entrever que \u201ctendremos que ver qu\u00e9 alternativas se pueden encontrar, como por ejemplo alg\u00fan tipo de bono o la mejora de estos dos porcentajes que quedan a cobrar para que la p\u00e9rdida de poder adquisitivo no sea tan extrema\u201d.<\/p>\n<p>En otro orden, finalmente el secretario adjunto STM confirm\u00f3 que este lunes se depositar\u00e1n por parte del Departamento Ejecutivo las horas extras del mes de agosto. \u201cEl viernes tuvimos la confirmaci\u00f3n por si llegaban a depositarlas ese d\u00eda pero nos confirmaron que no, que quedaba para este lunes\u201d, inform\u00f3.<\/p>\n","protected":false},"excerpt":{"rendered":"<p>As\u00ed lo expres\u00f3 el secretario Adjunto del Sindicato de Trabajadores Municipales, Gast\u00f3n D\u00edaz, al confirmar en \u201cVoces de la Ciudad\u201d que el pasado viernes entregaron al municipio un pedido por escrito de reapertura de paritarias tras el acuerdo del 62%, aunque con una inflaci\u00f3n que no para de crecer. En di\u00e1logo con el periodista Jorge [&hellip;]<\/p>\n","protected":false},"author":3,"featured_media":89410,"comment_status":"closed","ping_status":"closed","sticky":false,"template":"","format":"standard","meta":{"footnotes":""},"categories":[3],"tags":[],"class_list":["post-94430","post","type-post","status-publish","format-standard","has-post-thumbnail","category-masnoticias"],"_links":{"self":[{"href":"https:\/\/primicias2262.com\/noticias\/wp-json\/wp\/v2\/posts\/94430","targetHints":{"allow":["GET"]}}],"collection":[{"href":"https:\/\/primicias2262.com\/noticias\/wp-json\/wp\/v2\/posts"}],"about":[{"href":"https:\/\/primicias2262.com\/noticias\/wp-json\/wp\/v2\/types\/post"}],"author":[{"embeddable":true,"href":"https:\/\/primicias2262.com\/noticias\/wp-json\/wp\/v2\/users\/3"}],"replies":[{"embeddable":true,"href":"https:\/\/primicias2262.com\/noticias\/wp-json\/wp\/v2\/comments?post=94430"}],"version-history":[{"count":0,"href":"https:\/\/primicias2262.com\/noticias\/wp-json\/wp\/v2\/posts\/94430\/revisions"}],"wp:attachment":[{"href":"https:\/\/primicias2262.com\/noticias\/wp-json\/wp\/v2\/media?parent=94430"}],"wp:term":[{"taxonomy":"category","embeddable":true,"href":"https:\/\/primicias2262.com\/noticias\/wp-json\/wp\/v2\/categories?post=94430"},{"taxonomy":"post_tag","embeddable":true,"href":"https:\/\/primicias2262.com\/noticias\/wp-json\/wp\/v2\/tags?post=94430"}],"curies":[{"name":"wp","href":"https:\/\/api.w.org\/{rel}","templated":true}]}}