{"id":94434,"date":"2022-10-17T15:55:46","date_gmt":"2022-10-17T18:55:46","guid":{"rendered":"https:\/\/primicias2262.com\/?p=94434"},"modified":"2022-10-17T15:55:46","modified_gmt":"2022-10-17T18:55:46","slug":"positivo-balance-tras-las-jornadas-de-ciencia-sociales-y-humanidades","status":"publish","type":"post","link":"https:\/\/primicias2262.com\/noticias\/positivo-balance-tras-las-jornadas-de-ciencia-sociales-y-humanidades\/","title":{"rendered":"Positivo balance tras las Jornadas de Ciencia Sociales y Humanidades"},"content":{"rendered":"<p><strong>Con el Museo Hist\u00f3rico Regional como eje de encuentro durante el viernes y s\u00e1bado pasado, se llevaron a cabo intensas jornadas reflexivas alrededor de 18 proyectos de investigaci\u00f3n local.<\/strong><\/p>\n<p>Con dos d\u00edas de intensa actividad reflexiva en torno a 18 ponencias de investigaci\u00f3n local que se desarrollan en diversas unidades acad\u00e9micas y de formaci\u00f3n, se realizaron las II Jornadas en Ciencias Sociales y Humanidades del Sudeste Bonaerense en el \u00c1rea de Museos del Parque Miguel Lillo, lo que dej\u00f3 un balance sumamente positivo por parte de la organizaci\u00f3n.<\/p>\n<p>El objetivo de la actividad apuntaba a generar espacios de debate e intercambio entre estudiantes de grado y posgrado de distintos institutos y universidades, lo cual se cumpli\u00f3 con creces durante el viernes y s\u00e1bado anteriores en que se abordaron diversos ejes como territorios, problem\u00e1ticas de g\u00e9nero, instituciones p\u00fablicas, salud, educaci\u00f3n y memoria; as\u00ed como tambi\u00e9n el ambiente, la pol\u00edtica y la econom\u00eda.<\/p>\n<p>Adem\u00e1s, el evento cont\u00f3 con dos conversatorios de reconocidas investigadoras\/cient\u00edficas de la regi\u00f3n, quienes aportaron discusiones y experiencias de lo que significa investigar en tem\u00e1ticas de comunicaci\u00f3n de la ciencia, construcci\u00f3n colectiva del conocimiento y la importancia de generar redes vinculares que posibiliten abordar problem\u00e1ticas actuales en un mundo cada vez m\u00e1s complejo.<\/p>\n<p>\u00c1gueda Caro Petersen, responsable del \u00c1rea de Museos -que depende de la Direcci\u00f3n de Cultura y de la Secretar\u00eda de Turismo y Desarrollo productivo-, sintetiz\u00f3 que desde la comisi\u00f3n organizadora, conformada por el \u00c1rea de Museos Municipal, el Instituto de Formaci\u00f3n Docente N\u00ba 163, el \u00c1rea de Arqueolog\u00eda y Antropolog\u00eda Necochea y el Laboratorio de Ecolog\u00eda Evolutiva humana, \u201cqueremos agradecer a todas las personas que compartieron sus trabajos y a aquellas que asistieron a las Jornadas\u201d.<\/p>\n","protected":false},"excerpt":{"rendered":"<p>Con el Museo Hist\u00f3rico Regional como eje de encuentro durante el viernes y s\u00e1bado pasado, se llevaron a cabo intensas jornadas reflexivas alrededor de 18 proyectos de investigaci\u00f3n local. Con dos d\u00edas de intensa actividad reflexiva en torno a 18 ponencias de investigaci\u00f3n local que se desarrollan en diversas unidades acad\u00e9micas y de formaci\u00f3n, se [&hellip;]<\/p>\n","protected":false},"author":3,"featured_media":94435,"comment_status":"closed","ping_status":"closed","sticky":false,"template":"","format":"standard","meta":{"footnotes":""},"categories":[3],"tags":[],"class_list":["post-94434","post","type-post","status-publish","format-standard","has-post-thumbnail","category-masnoticias"],"_links":{"self":[{"href":"https:\/\/primicias2262.com\/noticias\/wp-json\/wp\/v2\/posts\/94434","targetHints":{"allow":["GET"]}}],"collection":[{"href":"https:\/\/primicias2262.com\/noticias\/wp-json\/wp\/v2\/posts"}],"about":[{"href":"https:\/\/primicias2262.com\/noticias\/wp-json\/wp\/v2\/types\/post"}],"author":[{"embeddable":true,"href":"https:\/\/primicias2262.com\/noticias\/wp-json\/wp\/v2\/users\/3"}],"replies":[{"embeddable":true,"href":"https:\/\/primicias2262.com\/noticias\/wp-json\/wp\/v2\/comments?post=94434"}],"version-history":[{"count":0,"href":"https:\/\/primicias2262.com\/noticias\/wp-json\/wp\/v2\/posts\/94434\/revisions"}],"wp:attachment":[{"href":"https:\/\/primicias2262.com\/noticias\/wp-json\/wp\/v2\/media?parent=94434"}],"wp:term":[{"taxonomy":"category","embeddable":true,"href":"https:\/\/primicias2262.com\/noticias\/wp-json\/wp\/v2\/categories?post=94434"},{"taxonomy":"post_tag","embeddable":true,"href":"https:\/\/primicias2262.com\/noticias\/wp-json\/wp\/v2\/tags?post=94434"}],"curies":[{"name":"wp","href":"https:\/\/api.w.org\/{rel}","templated":true}]}}