{"id":94455,"date":"2022-10-18T17:11:52","date_gmt":"2022-10-18T20:11:52","guid":{"rendered":"https:\/\/primicias2262.com\/?p=94455"},"modified":"2022-10-18T17:11:52","modified_gmt":"2022-10-18T20:11:52","slug":"abete-promociono-la-jornada-de-cuidados-humanizados-y-seguridad-del-paciente","status":"publish","type":"post","link":"https:\/\/primicias2262.com\/noticias\/abete-promociono-la-jornada-de-cuidados-humanizados-y-seguridad-del-paciente\/","title":{"rendered":"Abete promocion\u00f3 la Jornada de Cuidados Humanizados y Seguridad del Paciente"},"content":{"rendered":"<p>La coordinadora Acad\u00e9mica del Instituto de Estudios Superiores R\u00edo Quequ\u00e9n, Licenciada Marcela Abete, dio pormenores en \u201cVoces de la Ciudad\u201d sobre la primera Jornada de Cuidados Humanizados y Seguridad del Paciente que se realizar\u00e1n el viernes 28 de octubre de 15 a 18 en el Sal\u00f3n Alfa de la instituci\u00f3n ubicada en 51 y 58.<\/p>\n<p>La modalidad ser\u00e1 mixta presencial\/virtual y la participaci\u00f3n en la jornada es gratuita. Por Zoom hay un cupo de 100 personas y de modo presencial pueden asistir todos los que quieran\u201d.<\/p>\n<p>Al ser consultada por el periodista Jorge G\u00f3mez, la licenciada se\u00f1al\u00f3 que \u201ces importante la jornada, m\u00e1s all\u00e1 de que es un nuevo paradigma de la enfermer\u00eda y el cuidado, est\u00e1 destinada a todos aquellos que est\u00e9n en contacto con pacientes, ejerciendo en el sistema de salud o no. Se trata de pensar al paciente m\u00e1s all\u00e1 de la patolog\u00eda, con nombre propio, humanizarlo\u201d.<\/p>\n<p>La jornada ha sido declarada de Inter\u00e9s Municipal y Abete asegur\u00f3 que \u201ces el nuevo paradigma en el que estamos formando a nuestros futuros t\u00e9cnicos en las cuatro carreras: Enfermer\u00eda, Instrumentaci\u00f3n Quir\u00fargica, Radiolog\u00eda y Hemoterapia; y hemos pensado con el equipo que tengo detr\u00e1s de m\u00ed en esta jornada que tendr\u00e1 importantes disertaciones con una din\u00e1mica de 20 minutos\u201d.<\/p>\n<p>Esto apunta a \u201chumanizar la relaci\u00f3n entre el paciente y todos los agentes de salud\u201d, argument\u00f3 Abete, tras lo cual mencion\u00f3 que \u201clo importante de la jornada es hacer un intercambio entre nuestro estudiantado y los profesores y tambi\u00e9n con profesionales de Mar del Plata, CABA y La Plata, lo que eleva la calidad del evento\u201d.<\/p>\n<p>Finalmente, Abete asegur\u00f3 que \u201ccon esta jornada estamos demostrando que tenemos una preocupaci\u00f3n constante por elevar el nivel acad\u00e9mico de la instituci\u00f3n\u201d, y para el cierre adelant\u00f3 que \u201cya a partir de octubre y noviembre tenemos abierta la inscripci\u00f3n de las cuatro tecnicaturas, pero tambi\u00e9n tenemos habilitado Laboratorio de An\u00e1lisis Cl\u00ednicos, Farmacia Hospitalaria y la nueva que tenemos pensada que es la Tecnicatura en Emergencias en Salud, a la puede ir cualquiera que tenga el secundario completo y realizarlo\u201d.<\/p>\n<p>Para solicitar m\u00e1s informaci\u00f3n, los interesados pueden acudir al Instituto R\u00edo Quequ\u00e9n en Av. 58 esquina 51; a trav\u00e9s de las redes Facebook e Instagram como Instituto R\u00edo Quequ\u00e9n o al celular 2262-592103.<\/p>\n","protected":false},"excerpt":{"rendered":"<p>La coordinadora Acad\u00e9mica del Instituto de Estudios Superiores R\u00edo Quequ\u00e9n, Licenciada Marcela Abete, dio pormenores en \u201cVoces de la Ciudad\u201d sobre la primera Jornada de Cuidados Humanizados y Seguridad del Paciente que se realizar\u00e1n el viernes 28 de octubre de 15 a 18 en el Sal\u00f3n Alfa de la instituci\u00f3n ubicada en 51 y 58. [&hellip;]<\/p>\n","protected":false},"author":3,"featured_media":94456,"comment_status":"closed","ping_status":"closed","sticky":false,"template":"","format":"standard","meta":{"footnotes":""},"categories":[3],"tags":[],"class_list":["post-94455","post","type-post","status-publish","format-standard","has-post-thumbnail","category-masnoticias"],"_links":{"self":[{"href":"https:\/\/primicias2262.com\/noticias\/wp-json\/wp\/v2\/posts\/94455","targetHints":{"allow":["GET"]}}],"collection":[{"href":"https:\/\/primicias2262.com\/noticias\/wp-json\/wp\/v2\/posts"}],"about":[{"href":"https:\/\/primicias2262.com\/noticias\/wp-json\/wp\/v2\/types\/post"}],"author":[{"embeddable":true,"href":"https:\/\/primicias2262.com\/noticias\/wp-json\/wp\/v2\/users\/3"}],"replies":[{"embeddable":true,"href":"https:\/\/primicias2262.com\/noticias\/wp-json\/wp\/v2\/comments?post=94455"}],"version-history":[{"count":0,"href":"https:\/\/primicias2262.com\/noticias\/wp-json\/wp\/v2\/posts\/94455\/revisions"}],"wp:attachment":[{"href":"https:\/\/primicias2262.com\/noticias\/wp-json\/wp\/v2\/media?parent=94455"}],"wp:term":[{"taxonomy":"category","embeddable":true,"href":"https:\/\/primicias2262.com\/noticias\/wp-json\/wp\/v2\/categories?post=94455"},{"taxonomy":"post_tag","embeddable":true,"href":"https:\/\/primicias2262.com\/noticias\/wp-json\/wp\/v2\/tags?post=94455"}],"curies":[{"name":"wp","href":"https:\/\/api.w.org\/{rel}","templated":true}]}}