{"id":94459,"date":"2022-10-18T17:18:13","date_gmt":"2022-10-18T20:18:13","guid":{"rendered":"https:\/\/primicias2262.com\/?p=94459"},"modified":"2022-10-18T17:18:13","modified_gmt":"2022-10-18T20:18:13","slug":"la-sequia-impacta-fuertemente-en-el-campo-viene-compleja-la-mano-y-nos-preocupa","status":"publish","type":"post","link":"https:\/\/primicias2262.com\/noticias\/la-sequia-impacta-fuertemente-en-el-campo-viene-compleja-la-mano-y-nos-preocupa\/","title":{"rendered":"La sequ\u00eda impacta fuertemente en el campo: \u201cViene compleja la mano y nos preocupa\u201d"},"content":{"rendered":"<p><strong>As\u00ed lo reconoci\u00f3 Juan Erreguerena, del INTA, en el marco de los relevamientos que se realizan en la regi\u00f3n de cara a la cosecha fina.<\/strong><\/p>\n<p>En di\u00e1logo telef\u00f3nico con el periodista Jorge G\u00f3mez para \u201cVoces de la Ciudad\u201d, el especialista se refiri\u00f3 a la sequ\u00eda y al pron\u00f3stico poco alentador para los pr\u00f3ximos dos trimestres. Primero se\u00f1al\u00f3 respecto a la actividad agropecuaria que \u201cla zona norte est\u00e1 en un nivel de p\u00e9rdidas muy considerables, y nosotros tenemos un plus en esta regi\u00f3n porque se entrega siempre un poco m\u00e1s tarde la fina y nos da un peque\u00f1o respiro, venimos con mejor condici\u00f3n que la zona norte, pero igualmente castigados por el efecto de la sequ\u00eda\u201d.<\/p>\n<p>En ese sentido, \u201cest\u00e1n empezando a aparecer los primeros pedidos de desastre y emergencia agropecuaria, as\u00ed que tenemos que estar en condiciones de satisfacer las demandas que los municipios y asociaciones de productores presenten al momento de hacer la mesa de emergencia\u201d, se\u00f1al\u00f3<\/p>\n<p>Al respecto agreg\u00f3 que \u201cestamos saliendo con la idea de tener para el jueves un diagn\u00f3stico general del territorio, pero por lo que venimos monitoreando hasta ahora puedo decir que hay un efecto m\u00e1s que importante de la sequ\u00eda, aunque que es variado de lote a lote, no se puede decir que es todo igual, hay lotes donde se ha manejado mejor la nutrici\u00f3n del cultivo\u201d.<\/p>\n<p>De todas formas, \u201cen general est\u00e1 pegando la sequ\u00eda\u201d, afirm\u00f3 Erreguerena, detallando que \u201ca los lotes de cebada los estamos viendo con alguna preocupaci\u00f3n; los trigos tambi\u00e9n est\u00e1n afectados y las heladas los han afectado m\u00e1s hacia la zona central de la Provincia; sumado a que tambi\u00e9n hay un complejo de enfermedades dando vueltas, y hay pulg\u00f3n, que est\u00e1 muy asociado a la sequ\u00eda tambi\u00e9n\u2026 hay como una tormenta perfecta, pero en este caso sin que haya agua\u201d.<\/p>\n<p>Erreguerena report\u00f3 adem\u00e1s que para toda la regi\u00f3n \u201cseptiembre fue nefasto, llovi\u00f3 solo un promedio de 15 mil\u00edmetros\u201d, tras lo cual asegur\u00f3 que \u201cel efecto de la sequ\u00eda se ha dado en todos lados y es probable que estemos en un 15 o 20% sobre el potencial del rendimiento, es decir que, estamos en el momento cr\u00edtico donde se define la cantidad de granos que va a tener una espiga, y todo ese per\u00edodo pas\u00f3 sin lluvia\u201d.<\/p>\n<p>Si bien todav\u00eda puede haber una mejor\u00eda que ayude al llenado de los granos, asever\u00f3 que \u201chay un efecto de la sequ\u00eda que ya es innegable, va haber menos granos por espiga probablemente y menos rinde. El productor que es propietario quiz\u00e1 est\u00e9 con n\u00fameros que le permitan estar ah\u00ed y ganar alg\u00fan pesito, pero el que arrend\u00f3 est\u00e1 bastante mal, es un a\u00f1o complejo de fina y de gruesa, porque no estamos pudiendo largar la siembra\u201d.<\/p>\n<p>\u201cDependemos de todo lo que llueva en el ciclo de cultivo, pero el pron\u00f3stico para el trimestre que viene da lluvias por debajo de lo normal, y en el trimestre siguiente tambi\u00e9n lluvias por debajo de lo normal\u2026 es decir que la expectativa de la gruesa en perspectiva estar\u00eda en un riesgo importante, porque los pron\u00f3sticos no le erran mucho\u201d, puntualiz\u00f3-<\/p>\n<p>Dicho eso, Erreguerena puso la lupa finalmente sobre la ganader\u00eda, respecto a lo cual sintetiz\u00f3 preocupado que \u201cdespu\u00e9s del invierno que pas\u00f3 y la sequ\u00eda que ha habido un productor tiene las vacas con condiciones corporales por debajo del promedio, y eso implica que dentro de su fisiolog\u00eda va haber menos vacas que lleguen en el futuro mediato, que es en julio de 2023, donde van a nacer menos terneros, y si lo proyectamos a 2024 va haber menos oferta de carne. Viene compleja la mano y nos preocupa\u201d.<\/p>\n","protected":false},"excerpt":{"rendered":"<p>As\u00ed lo reconoci\u00f3 Juan Erreguerena, del INTA, en el marco de los relevamientos que se realizan en la regi\u00f3n de cara a la cosecha fina. En di\u00e1logo telef\u00f3nico con el periodista Jorge G\u00f3mez para \u201cVoces de la Ciudad\u201d, el especialista se refiri\u00f3 a la sequ\u00eda y al pron\u00f3stico poco alentador para los pr\u00f3ximos dos trimestres. [&hellip;]<\/p>\n","protected":false},"author":3,"featured_media":94460,"comment_status":"closed","ping_status":"closed","sticky":false,"template":"","format":"standard","meta":{"footnotes":""},"categories":[3],"tags":[],"class_list":["post-94459","post","type-post","status-publish","format-standard","has-post-thumbnail","category-masnoticias"],"_links":{"self":[{"href":"https:\/\/primicias2262.com\/noticias\/wp-json\/wp\/v2\/posts\/94459","targetHints":{"allow":["GET"]}}],"collection":[{"href":"https:\/\/primicias2262.com\/noticias\/wp-json\/wp\/v2\/posts"}],"about":[{"href":"https:\/\/primicias2262.com\/noticias\/wp-json\/wp\/v2\/types\/post"}],"author":[{"embeddable":true,"href":"https:\/\/primicias2262.com\/noticias\/wp-json\/wp\/v2\/users\/3"}],"replies":[{"embeddable":true,"href":"https:\/\/primicias2262.com\/noticias\/wp-json\/wp\/v2\/comments?post=94459"}],"version-history":[{"count":0,"href":"https:\/\/primicias2262.com\/noticias\/wp-json\/wp\/v2\/posts\/94459\/revisions"}],"wp:attachment":[{"href":"https:\/\/primicias2262.com\/noticias\/wp-json\/wp\/v2\/media?parent=94459"}],"wp:term":[{"taxonomy":"category","embeddable":true,"href":"https:\/\/primicias2262.com\/noticias\/wp-json\/wp\/v2\/categories?post=94459"},{"taxonomy":"post_tag","embeddable":true,"href":"https:\/\/primicias2262.com\/noticias\/wp-json\/wp\/v2\/tags?post=94459"}],"curies":[{"name":"wp","href":"https:\/\/api.w.org\/{rel}","templated":true}]}}