{"id":94465,"date":"2022-10-18T17:41:39","date_gmt":"2022-10-18T20:41:39","guid":{"rendered":"https:\/\/primicias2262.com\/?p=94465"},"modified":"2022-10-18T17:41:39","modified_gmt":"2022-10-18T20:41:39","slug":"acondicionan-sectores-de-la-playa-de-camiones-y-colocan-camaras-de-seguridad","status":"publish","type":"post","link":"https:\/\/primicias2262.com\/noticias\/acondicionan-sectores-de-la-playa-de-camiones-y-colocan-camaras-de-seguridad\/","title":{"rendered":"Acondicionan sectores de la Playa de Camiones y colocan c\u00e1maras de seguridad"},"content":{"rendered":"<p><strong>\u201cLa idea es entre todos ir mejorando este espacio\u201d, se\u00f1al\u00f3 el delegado de Quequ\u00e9n, Mario Wilgenhoff, quien visit\u00f3 el predio donde la comuna realiza tareas tras un acta de compromiso con los transportistas y la intenci\u00f3n es seguir invirtiendo para una mejor estad\u00eda de los mismos.<\/strong><\/p>\n<p>La gesti\u00f3n municipal encabezada por el intendente Arturo Rojas estuvo realizando tareas de acondicionamiento en diferentes sectores de la Playa de Camiones, donde adem\u00e1s se colocaron c\u00e1maras de monitoreo que ayuden a esclarecer y disminuir hechos de inseguridad en el predio de 26 hect\u00e1reas ubicado en Quequ\u00e9n.<\/p>\n<p>A poco de asumir al frente de la Delegaci\u00f3n de Quequ\u00e9n, Mario Wilgenhoff \u00a0hab\u00eda se\u00f1alado que uno de los temas a ocuparse era el de la Playa Municipal, la cual estuvo recorriendo este martes y donde record\u00f3 que \u201ctras el conflicto con el Sindicato de Fleteros se hizo un acta de compromiso por 30 d\u00edas que era hasta el 1\u00ba\u00a0 de septiembre, donde nosotros nos compromet\u00edamos a hacer el arreglo de la calle 558, a tener riego en forma permanente en la playa, a instalar ba\u00f1os qu\u00edmicos y al mejoramiento de los ba\u00f1os existentes\u201d.<\/p>\n<p>Todas esas acciones se llevaron a cabo y se realizan actualmente, acerca de lo que el funcionario agreg\u00f3 que \u201cincluso fuimos m\u00e1s all\u00e1 del acta porque mejoramos la iluminaci\u00f3n de la calle 558, y los ba\u00f1os existentes y sector de duchas con la ayuda del sector privado han quedado en buenas condiciones para que el transportista tenga una mejor estad\u00eda\u201d.<\/p>\n<p>Asimismo, \u201cen materia de seguridad hemos aportado c\u00e1maras de monitoreo, hubo un hecho delictivo hace unos d\u00edas y estamos apostando fuerte al tema de seguridad justamente por esos hechos\u201d, sintetiz\u00f3 Wilgenhoff, recordando que \u201cla instalaci\u00f3n de c\u00e1maras era un compromiso que hab\u00edamos asumido, as\u00ed que vamos a seguir trabajando e invirtiendo en este sector para que el transportista tenga m\u00e1s seguridad y una mejor estad\u00eda en la Playa Municipal\u201d.<\/p>\n<p>Luego de aquel primer contacto con el sector transportista local tras su asunci\u00f3n en la Delegaci\u00f3n, Wilgenhoff manifest\u00f3 que \u201clo que ellos reclamaban era un poco m\u00e1s de dignidad para el transportista, tanto en duchas y ba\u00f1os como en la playa misma\u2026 sin ir m\u00e1s lejos con el tema del riego, que cuando hay viento vuela bastante tierra y hay que pasar el cami\u00f3n regador constantemente, as\u00ed que vamos a seguir invirtiendo para tener una mejor Playa Municipal\u201d.<\/p>\n","protected":false},"excerpt":{"rendered":"<p>\u201cLa idea es entre todos ir mejorando este espacio\u201d, se\u00f1al\u00f3 el delegado de Quequ\u00e9n, Mario Wilgenhoff, quien visit\u00f3 el predio donde la comuna realiza tareas tras un acta de compromiso con los transportistas y la intenci\u00f3n es seguir invirtiendo para una mejor estad\u00eda de los mismos. La gesti\u00f3n municipal encabezada por el intendente Arturo Rojas [&hellip;]<\/p>\n","protected":false},"author":3,"featured_media":94466,"comment_status":"closed","ping_status":"closed","sticky":false,"template":"","format":"standard","meta":{"footnotes":""},"categories":[3],"tags":[],"class_list":["post-94465","post","type-post","status-publish","format-standard","has-post-thumbnail","category-masnoticias"],"_links":{"self":[{"href":"https:\/\/primicias2262.com\/noticias\/wp-json\/wp\/v2\/posts\/94465","targetHints":{"allow":["GET"]}}],"collection":[{"href":"https:\/\/primicias2262.com\/noticias\/wp-json\/wp\/v2\/posts"}],"about":[{"href":"https:\/\/primicias2262.com\/noticias\/wp-json\/wp\/v2\/types\/post"}],"author":[{"embeddable":true,"href":"https:\/\/primicias2262.com\/noticias\/wp-json\/wp\/v2\/users\/3"}],"replies":[{"embeddable":true,"href":"https:\/\/primicias2262.com\/noticias\/wp-json\/wp\/v2\/comments?post=94465"}],"version-history":[{"count":0,"href":"https:\/\/primicias2262.com\/noticias\/wp-json\/wp\/v2\/posts\/94465\/revisions"}],"wp:attachment":[{"href":"https:\/\/primicias2262.com\/noticias\/wp-json\/wp\/v2\/media?parent=94465"}],"wp:term":[{"taxonomy":"category","embeddable":true,"href":"https:\/\/primicias2262.com\/noticias\/wp-json\/wp\/v2\/categories?post=94465"},{"taxonomy":"post_tag","embeddable":true,"href":"https:\/\/primicias2262.com\/noticias\/wp-json\/wp\/v2\/tags?post=94465"}],"curies":[{"name":"wp","href":"https:\/\/api.w.org\/{rel}","templated":true}]}}