{"id":94477,"date":"2022-10-19T15:51:59","date_gmt":"2022-10-19T18:51:59","guid":{"rendered":"https:\/\/primicias2262.com\/?p=94477"},"modified":"2022-10-19T15:51:59","modified_gmt":"2022-10-19T18:51:59","slug":"internas-de-la-ucr-queremos-trabajar-para-un-2023-donde-la-palabra-de-todos-sea-valida","status":"publish","type":"post","link":"https:\/\/primicias2262.com\/noticias\/internas-de-la-ucr-queremos-trabajar-para-un-2023-donde-la-palabra-de-todos-sea-valida\/","title":{"rendered":"Internas de la UCR: \u201cQueremos trabajar para un 2023 donde la palabra de todos sea v\u00e1lida\u201d"},"content":{"rendered":"<p>As\u00ed lo expresaron los candidatos a presidir el Comit\u00e9 radical \u201cEmiliano Ab\u00e1solo\u201d de Necochea, tanto Carola Bertoldi como candidata a presidenta por la lista 123, y Mateo Ruppel como vicepresidente, quien asegur\u00f3 que \u201cel radicalismo busca fortalecerse y conducir Juntos por el Cambio\u201d.<\/p>\n<p>Ambos estuvieron en los estudios de \u201cVoces de la Ciudad\u201d, donde palpitaron las elecciones internas de la Uni\u00f3n C\u00edvica Radical del domingo 13 de noviembre, para lo que hay dos candidatas a conducir el Comit\u00e9 local, la mencionada Bertoldi y Graciana Maizzani, quien encabeza la lista 133. Las elecciones ser\u00e1n de a 18 en la sede de 57 entre 54 y 56, con un padr\u00f3n superior a 4 mil afiliados.<\/p>\n<p>En di\u00e1logo con el periodista Jorge G\u00f3mez, en primer t\u00e9rmino Carola Bertoldi apunt\u00f3 que \u201cqueremos invitar a todos a que se acerquen a participar de la votaci\u00f3n el domingo 13 de 8 a 18, estamos dialogando con todos los sectores que ha habido en el partido y que se han ido creando\u201d, recordando a la pasada que \u201cestuve como presidente en 2016-2017, donde tuvimos una muy buena elecci\u00f3n y buena comunicaci\u00f3n con el Comit\u00e9 Provincia\u201d.<\/p>\n<p>\u201cLa idea que tenemos es trabajar para un 2023 donde la palabra de todos sea v\u00e1lida\u201d, asegur\u00f3 Carola, para acotar que \u201cno tenemos uniformidad de discurso, si no diferentes ideas y todas son bienvenidas como para sentarnos a dialogar. Varios sectores me propusieron para tratar de armonizar\u201d.<\/p>\n<p>Es m\u00e1s, describi\u00f3 que \u201cla intenci\u00f3n es que al d\u00eda siguiente a las internas podamos sentarnos con todos los sectores e ir armando la agenda local de la ciudad del radicalismo, en la cual hay mucho para trabajar, como la recolecci\u00f3n de residuos, seguridad, salud y dem\u00e1s cosas que a los ciudadanos nos incumben, y a su vez trabajar en conjunto con el Comit\u00e9 de Provincia, como el tema de las autonom\u00edas de los municipios\u201d.<\/p>\n<p>Por su parte, al ser consultado sobre una supuesta ruptura en el radicalismo local que se advirti\u00f3 en las elecciones del a\u00f1o pasado, Ruppel asegur\u00f3 que \u201cel objetivo que nosotros perseguimos es que cada uno aporte desde su lugar lo que cree necesario para que el partido se fortalezca de cara a 2023. El radicalismo no solo en Necochea sino en la Provincia, lo que busca es fortalecerse, ser protagonista de las decisiones y conducir Juntos por el Cambio\u201d.<\/p>\n<p>Ampli\u00f3 que \u201ctenemos que trabajar buscando el objetivo de liderar Juntos por el Cambio y sostener una unidad, pero para eso es necesario que los radicales tengamos estas discusiones de manera previa y celebramos que se d\u00e9 en las internas\u2026 y si nos toca conducir convocar al otro d\u00eda a todos los sectores para trabajar en ese proyecto pol\u00edtico que vuelva a conquistar al electorado local\u201d.<\/p>\n<p>En cuanto a diferencias con el sector de Maizzani, Mateo defini\u00f3 que \u201cno s\u00e9 si marcarlo en el plano de las diferencias\u2026 pero s\u00ed considero que hay distintos proyectos de cara a lo que viene, nosotros queremos construir un radicalismo protagonista y fortalecido el cual lo integren todos los sectores\u00bb.<\/p>\n<p>\u00abMuchas veces caemos en la confusi\u00f3n de creer que la renovaci\u00f3n es aportar nuevas caras y por ah\u00ed la renovaci\u00f3n del partido es el debate interno y la participaci\u00f3n de todos, por eso celebramos la conformaci\u00f3n de esta lista que se ha dado con distintos sectores y con personas que vienen a ocupar cargos por primera vez en las mesas partidarias. Y el principal desaf\u00edo que tenemos es volver a conquistar al electorado joven\u201d, indic\u00f3.<\/p>\n","protected":false},"excerpt":{"rendered":"<p>As\u00ed lo expresaron los candidatos a presidir el Comit\u00e9 radical \u201cEmiliano Ab\u00e1solo\u201d de Necochea, tanto Carola Bertoldi como candidata a presidenta por la lista 123, y Mateo Ruppel como vicepresidente, quien asegur\u00f3 que \u201cel radicalismo busca fortalecerse y conducir Juntos por el Cambio\u201d. Ambos estuvieron en los estudios de \u201cVoces de la Ciudad\u201d, donde palpitaron [&hellip;]<\/p>\n","protected":false},"author":3,"featured_media":94478,"comment_status":"closed","ping_status":"closed","sticky":false,"template":"","format":"standard","meta":{"footnotes":""},"categories":[3],"tags":[],"class_list":["post-94477","post","type-post","status-publish","format-standard","has-post-thumbnail","category-masnoticias"],"_links":{"self":[{"href":"https:\/\/primicias2262.com\/noticias\/wp-json\/wp\/v2\/posts\/94477","targetHints":{"allow":["GET"]}}],"collection":[{"href":"https:\/\/primicias2262.com\/noticias\/wp-json\/wp\/v2\/posts"}],"about":[{"href":"https:\/\/primicias2262.com\/noticias\/wp-json\/wp\/v2\/types\/post"}],"author":[{"embeddable":true,"href":"https:\/\/primicias2262.com\/noticias\/wp-json\/wp\/v2\/users\/3"}],"replies":[{"embeddable":true,"href":"https:\/\/primicias2262.com\/noticias\/wp-json\/wp\/v2\/comments?post=94477"}],"version-history":[{"count":0,"href":"https:\/\/primicias2262.com\/noticias\/wp-json\/wp\/v2\/posts\/94477\/revisions"}],"wp:attachment":[{"href":"https:\/\/primicias2262.com\/noticias\/wp-json\/wp\/v2\/media?parent=94477"}],"wp:term":[{"taxonomy":"category","embeddable":true,"href":"https:\/\/primicias2262.com\/noticias\/wp-json\/wp\/v2\/categories?post=94477"},{"taxonomy":"post_tag","embeddable":true,"href":"https:\/\/primicias2262.com\/noticias\/wp-json\/wp\/v2\/tags?post=94477"}],"curies":[{"name":"wp","href":"https:\/\/api.w.org\/{rel}","templated":true}]}}