{"id":94480,"date":"2022-10-19T15:55:20","date_gmt":"2022-10-19T18:55:20","guid":{"rendered":"https:\/\/primicias2262.com\/?p=94480"},"modified":"2022-10-19T15:55:20","modified_gmt":"2022-10-19T18:55:20","slug":"con-abordaje-en-primeros-auxilios-iniciaron-las-jornadas-junto-a-la-direccion-de-emergencias-sanitarias","status":"publish","type":"post","link":"https:\/\/primicias2262.com\/noticias\/con-abordaje-en-primeros-auxilios-iniciaron-las-jornadas-junto-a-la-direccion-de-emergencias-sanitarias\/","title":{"rendered":"Con abordaje en primeros auxilios iniciaron las jornadas junto a la Direcci\u00f3n de Emergencias Sanitarias"},"content":{"rendered":"<p><strong>Ser\u00e1n tres d\u00edas de talleres y capacitaci\u00f3n pr\u00e1ctica en el Polideportivo Municipal, tanto para la comunidad como para agentes del municipio, equipos de salud y fuerzas de seguridad, con abordaje en Gesti\u00f3n del Riesgo de Emergencias y Desastres.<\/strong><\/p>\n<p>Con la coordinaci\u00f3n de la Secretar\u00eda de Salud, a cargo de Andrea Perestiuk, comenzaron las jornadas de Gesti\u00f3n del Riesgo de Emergencias y Desastres, a cargo de la Direcci\u00f3n Nacional de Emergencias Sanitarias, que depende del Ministerio de Salud de Naci\u00f3n.<\/p>\n<p>La actividad se divide en tres jornadas te\u00f3rico pr\u00e1cticas en el SUM 1 del Polideportivo Municipal, con un alcance m\u00e1s bien comunitario en el inicio de este mi\u00e9rcoles y el abordaje de los primeros auxilios que cualquier persona en la calle, que no sea necesariamente agente de salud, puede realizar en beneficio de las v\u00edctimas de incidentes en la v\u00eda p\u00fablica. En tanto, para jueves y viernes se anuncian talleres espec\u00edficos a equipos de salud y fuerzas de seguridad.<\/p>\n<p>Acerca de la apertura de las jornadas, Andrea Perestiuk resalt\u00f3 que \u00abcontamos con la presencia de la Direcci\u00f3n Nacional de Emergencias Sanitarias (DINESA), con todos sus integrantes realizando una capacitaci\u00f3n en Primeros Auxilios y RCP, y con actores de la comunidad y mucha gente del \u00e1mbito municipal que trabaja en contacto con la comunidad\u00bb.<\/p>\n<p>\u00abLa capacitaci\u00f3n es muy importante, sobre todo en este momento que estamos a v\u00edsperas del ingreso de una nueva temporada estival, donde en nuestra ciudad se triplica la poblaci\u00f3n y eso hace que los eventos de emergencia sean mayores, y es importante que la comunidad est\u00e9 capacitada para abordar este tipo de situaciones en forma concreta y efectiva\u00bb, afirm\u00f3 la funcionaria a continuaci\u00f3n.<\/p>\n<p>Explic\u00f3 acto seguido que las jornadas est\u00e1n divididas en 3 d\u00edas, \u00abla de este mi\u00e9rcoles era abierta a la comunidad y durante jueves y viernes ser\u00e1n m\u00e1s espec\u00edficas para los equipos de salud y todos los actores que intervienen en las emergencias pre hospitalarias. Habr\u00e1 una parte pr\u00e1ctica y el resto de las jornadas se realizar\u00e1n tambi\u00e9n en el SUM N1 del Polideportivo. Son jornadas amplias de la ma\u00f1ana a la tarde con una actividad muy intensa de capacitaci\u00f3n\u00bb.<\/p>\n<p>Por su parte, quien es coordinador integrante de la DINASA, Rodolfo Faillace, describi\u00f3 que \u00abson capacitaciones en forma de jornadas conjuntas, si bien somos de salud, nosotros lo que aportamos es lo interdisciplinario, la uni\u00f3n de los equipos y la respuesta conjunta en la calle, lo que significa que los distintos equipos vamos a responder de la misma forma, cada uno en su expertis, pero cuando estamos ante la respuesta el tema es ver c\u00f3mo se articulan todas las fuerzas\u00bb.<\/p>\n","protected":false},"excerpt":{"rendered":"<p>Ser\u00e1n tres d\u00edas de talleres y capacitaci\u00f3n pr\u00e1ctica en el Polideportivo Municipal, tanto para la comunidad como para agentes del municipio, equipos de salud y fuerzas de seguridad, con abordaje en Gesti\u00f3n del Riesgo de Emergencias y Desastres. Con la coordinaci\u00f3n de la Secretar\u00eda de Salud, a cargo de Andrea Perestiuk, comenzaron las jornadas de [&hellip;]<\/p>\n","protected":false},"author":3,"featured_media":94481,"comment_status":"closed","ping_status":"closed","sticky":false,"template":"","format":"standard","meta":{"footnotes":""},"categories":[3],"tags":[],"class_list":["post-94480","post","type-post","status-publish","format-standard","has-post-thumbnail","category-masnoticias"],"_links":{"self":[{"href":"https:\/\/primicias2262.com\/noticias\/wp-json\/wp\/v2\/posts\/94480","targetHints":{"allow":["GET"]}}],"collection":[{"href":"https:\/\/primicias2262.com\/noticias\/wp-json\/wp\/v2\/posts"}],"about":[{"href":"https:\/\/primicias2262.com\/noticias\/wp-json\/wp\/v2\/types\/post"}],"author":[{"embeddable":true,"href":"https:\/\/primicias2262.com\/noticias\/wp-json\/wp\/v2\/users\/3"}],"replies":[{"embeddable":true,"href":"https:\/\/primicias2262.com\/noticias\/wp-json\/wp\/v2\/comments?post=94480"}],"version-history":[{"count":0,"href":"https:\/\/primicias2262.com\/noticias\/wp-json\/wp\/v2\/posts\/94480\/revisions"}],"wp:attachment":[{"href":"https:\/\/primicias2262.com\/noticias\/wp-json\/wp\/v2\/media?parent=94480"}],"wp:term":[{"taxonomy":"category","embeddable":true,"href":"https:\/\/primicias2262.com\/noticias\/wp-json\/wp\/v2\/categories?post=94480"},{"taxonomy":"post_tag","embeddable":true,"href":"https:\/\/primicias2262.com\/noticias\/wp-json\/wp\/v2\/tags?post=94480"}],"curies":[{"name":"wp","href":"https:\/\/api.w.org\/{rel}","templated":true}]}}