{"id":94483,"date":"2022-10-19T15:58:42","date_gmt":"2022-10-19T18:58:42","guid":{"rendered":"https:\/\/primicias2262.com\/?p=94483"},"modified":"2022-10-19T15:58:42","modified_gmt":"2022-10-19T18:58:42","slug":"la-escuela-n-48-puso-en-practica-la-modalidad-de-jornada-completa","status":"publish","type":"post","link":"https:\/\/primicias2262.com\/noticias\/la-escuela-n-48-puso-en-practica-la-modalidad-de-jornada-completa\/","title":{"rendered":"La Escuela N\u00b0 48 puso en pr\u00e1ctica la modalidad de jornada completa"},"content":{"rendered":"<div class=\"xdj266r x11i5rnm xat24cr x1mh8g0r x1vvkbs x126k92a\">\n<p dir=\"auto\">La Escuela Primaria Nro 48 de Necochea puso en marcha su nueva propuesta de Jornada Completa!<\/p>\n<\/div>\n<div class=\"x11i5rnm xat24cr x1mh8g0r x1vvkbs xtlvy1s x126k92a\">\n<p dir=\"auto\">Con gran entusiasmo, toda la comunidad educativa de la Escuela Nro 48 protagoniz\u00f3 un d\u00eda que marcar\u00e1 para siempre su historia y lo celebr\u00f3 acompa\u00f1ada de autoridades educativas, Ex-Directoras y organizaciones sindicales que saludaron felices este sue\u00f1o tan deseado que se vio concretado este 17 de octubre.<\/p>\n<\/div>\n","protected":false},"excerpt":{"rendered":"<p>La Escuela Primaria Nro 48 de Necochea puso en marcha su nueva propuesta de Jornada Completa! Con gran entusiasmo, toda la comunidad educativa de la Escuela Nro 48 protagoniz\u00f3 un d\u00eda que marcar\u00e1 para siempre su historia y lo celebr\u00f3 acompa\u00f1ada de autoridades educativas, Ex-Directoras y organizaciones sindicales que saludaron felices este sue\u00f1o tan deseado [&hellip;]<\/p>\n","protected":false},"author":3,"featured_media":94485,"comment_status":"closed","ping_status":"closed","sticky":false,"template":"","format":"standard","meta":{"footnotes":""},"categories":[3],"tags":[],"class_list":["post-94483","post","type-post","status-publish","format-standard","has-post-thumbnail","category-masnoticias"],"_links":{"self":[{"href":"https:\/\/primicias2262.com\/noticias\/wp-json\/wp\/v2\/posts\/94483","targetHints":{"allow":["GET"]}}],"collection":[{"href":"https:\/\/primicias2262.com\/noticias\/wp-json\/wp\/v2\/posts"}],"about":[{"href":"https:\/\/primicias2262.com\/noticias\/wp-json\/wp\/v2\/types\/post"}],"author":[{"embeddable":true,"href":"https:\/\/primicias2262.com\/noticias\/wp-json\/wp\/v2\/users\/3"}],"replies":[{"embeddable":true,"href":"https:\/\/primicias2262.com\/noticias\/wp-json\/wp\/v2\/comments?post=94483"}],"version-history":[{"count":0,"href":"https:\/\/primicias2262.com\/noticias\/wp-json\/wp\/v2\/posts\/94483\/revisions"}],"wp:attachment":[{"href":"https:\/\/primicias2262.com\/noticias\/wp-json\/wp\/v2\/media?parent=94483"}],"wp:term":[{"taxonomy":"category","embeddable":true,"href":"https:\/\/primicias2262.com\/noticias\/wp-json\/wp\/v2\/categories?post=94483"},{"taxonomy":"post_tag","embeddable":true,"href":"https:\/\/primicias2262.com\/noticias\/wp-json\/wp\/v2\/tags?post=94483"}],"curies":[{"name":"wp","href":"https:\/\/api.w.org\/{rel}","templated":true}]}}