{"id":94486,"date":"2022-10-19T16:05:52","date_gmt":"2022-10-19T19:05:52","guid":{"rendered":"https:\/\/primicias2262.com\/?p=94486"},"modified":"2022-10-19T16:05:52","modified_gmt":"2022-10-19T19:05:52","slug":"concierto-con-repertorio-de-tango-neoclasico-y-musica-latinoamericana","status":"publish","type":"post","link":"https:\/\/primicias2262.com\/noticias\/concierto-con-repertorio-de-tango-neoclasico-y-musica-latinoamericana\/","title":{"rendered":"Concierto con repertorio de tango, neocl\u00e1sico y m\u00fasica latinoamericana"},"content":{"rendered":"<p>El Centro Cultural Necochea Biblioteca Popular Andr\u00e9s Ferreyra (CCN\/BPAF) informa que el pr\u00f3ximo <strong>viernes 21 de octubre<\/strong>, a las <strong>20:00 horas<\/strong> se realizar\u00e1 un <strong>concierto <\/strong>del d\u00fao conformado por Luis Federico Jaureguiberry (saxof\u00f3n) y la pianista Mar\u00eda Daguerre Ceriali, donde abordar\u00e1n un repertorio de obras de Jos\u00e9 Bragato y Astor Piazzolla (tango), Darius Milhaud y Felix August Bernhard Draeseke (neocl\u00e1sico), Hermeto Pascoal y Gabriel Eyzaguirre (m\u00fasica latinoamericana). La entrada es un bono contribuci\u00f3n opcional de 400$.<br \/>\nEl evento es organizado por la Escuela de Arte \u201cOrillas del Quequ\u00e9n\u201d, en cuyas instalaciones, el pr\u00f3ximo jueves 20 a las 19:30 horas. se realizar\u00e1 un taller para estudiantes de la instituci\u00f3n y m\u00fasicos en general de la comunidad, sobre el uso de procesos digitales y anal\u00f3gicos para modificar el sonido de los instrumentos musicales.<br \/>\nEl mismo ser\u00e1 realizado por Jaureguiberry, necochense actualmente radicado en La Plata.<\/p>\n<ul>\n<li>Luis Federico Jaureguiberry es profesor de la C\u00e1tedra de Pr\u00e1ctica Experimental con Medios Electroac\u00fasticos de la facultad de Facultad de Artes de la UNLP y participan en varios proyectos musicales como instrumentista de saxo y compositor, donde aborda el jazz, tango, m\u00fasica experimental y arte sonoro.<\/li>\n<li>Mar\u00eda Daguerre Ceriali es una pianista con vasta experiencia en el instrumento, que ha participado en sin fin de proyectos que abordan la m\u00fasica cl\u00e1sica, contempor\u00e1nea y bossa nova.<\/li>\n<\/ul>\n<p><strong>Datos de contacto:<\/strong><\/p>\n<p>\uf0b7 FB Escuela de Artes: https:\/\/www.facebook.com\/orillasdelquequen<\/p>\n<p>\uf0b7 Francisco Marchioni, jefe de \u00e1rea de m\u00fasica de la Escuela de artes 15 360305<\/p>\n<p>\uf0b7 FB Centro Cultural Necochea: https:\/\/www.facebook.com\/centroculturalnecochea<\/p>\n","protected":false},"excerpt":{"rendered":"<p>El Centro Cultural Necochea Biblioteca Popular Andr\u00e9s Ferreyra (CCN\/BPAF) informa que el pr\u00f3ximo viernes 21 de octubre, a las 20:00 horas se realizar\u00e1 un concierto del d\u00fao conformado por Luis Federico Jaureguiberry (saxof\u00f3n) y la pianista Mar\u00eda Daguerre Ceriali, donde abordar\u00e1n un repertorio de obras de Jos\u00e9 Bragato y Astor Piazzolla (tango), Darius Milhaud y [&hellip;]<\/p>\n","protected":false},"author":3,"featured_media":94487,"comment_status":"closed","ping_status":"closed","sticky":false,"template":"","format":"standard","meta":{"footnotes":""},"categories":[3],"tags":[],"class_list":["post-94486","post","type-post","status-publish","format-standard","has-post-thumbnail","category-masnoticias"],"_links":{"self":[{"href":"https:\/\/primicias2262.com\/noticias\/wp-json\/wp\/v2\/posts\/94486","targetHints":{"allow":["GET"]}}],"collection":[{"href":"https:\/\/primicias2262.com\/noticias\/wp-json\/wp\/v2\/posts"}],"about":[{"href":"https:\/\/primicias2262.com\/noticias\/wp-json\/wp\/v2\/types\/post"}],"author":[{"embeddable":true,"href":"https:\/\/primicias2262.com\/noticias\/wp-json\/wp\/v2\/users\/3"}],"replies":[{"embeddable":true,"href":"https:\/\/primicias2262.com\/noticias\/wp-json\/wp\/v2\/comments?post=94486"}],"version-history":[{"count":0,"href":"https:\/\/primicias2262.com\/noticias\/wp-json\/wp\/v2\/posts\/94486\/revisions"}],"wp:attachment":[{"href":"https:\/\/primicias2262.com\/noticias\/wp-json\/wp\/v2\/media?parent=94486"}],"wp:term":[{"taxonomy":"category","embeddable":true,"href":"https:\/\/primicias2262.com\/noticias\/wp-json\/wp\/v2\/categories?post=94486"},{"taxonomy":"post_tag","embeddable":true,"href":"https:\/\/primicias2262.com\/noticias\/wp-json\/wp\/v2\/tags?post=94486"}],"curies":[{"name":"wp","href":"https:\/\/api.w.org\/{rel}","templated":true}]}}