{"id":94507,"date":"2022-10-20T15:26:39","date_gmt":"2022-10-20T18:26:39","guid":{"rendered":"https:\/\/primicias2262.com\/?p=94507"},"modified":"2022-10-20T15:26:39","modified_gmt":"2022-10-20T18:26:39","slug":"desde-el-proximo-martes-los-choferes-de-micros-realizaran-un-paro-por-72-horas","status":"publish","type":"post","link":"https:\/\/primicias2262.com\/noticias\/desde-el-proximo-martes-los-choferes-de-micros-realizaran-un-paro-por-72-horas\/","title":{"rendered":"Desde el pr\u00f3ximo martes los choferes de micros realizar\u00e1n un paro por 72 horas"},"content":{"rendered":"<p>Los choferes de micros del interior del pa\u00eds llevar\u00e1n adelante un paro de actividades de 72 horas a partir del pr\u00f3ximo martes 25 de octubre en demanda de mejoras salariales, seg\u00fan inform\u00f3 la Uni\u00f3n Tranviarios Automotor.<\/p>\n<p>A trav\u00e9s de un comunicado de prensa, firmado por el secretario general Roberto Carlos Fern\u00e1ndez, el gremio inform\u00f3 que \u00abasistimos al Ministerio de Trabajo de la Naci\u00f3n, sin acordar la pretendida <u>igualdad salarial<\/u> para los trabajadores representados\u00bb.<\/p>\n<p>Agrega que \u00abnosotros vamos a defender nuestros salarios y las fuentes de trabajo. No queremos encontrarnos en medio de una disputa entre la Naci\u00f3n y las provincias\u00bb.<\/p>\n<p>Queremos el aumento que nos corresponde, por lo que resulta indispensable que el Congreso Nacional declare la <u>Emergencia en el Transporte de Pasajeros del Interior.<\/u> Necesitamos que se reconozcan nuestros derechos y se comprometan para evitar diferente tratamiento a los mismos trabajadores. Pedimos de los gobiernos la lealtad y el reconocimiento que los trabajadores se merecen\u00bb, puntualiza la nota.<\/p>\n<p>M\u00e1s adelante indica que \u00abestamos cansados de esta falta de respeto al Trabajador. Est\u00e1 claro que pretenden trabajadores de segunda, no lo vamos a permitir. Por ello ratificamos el estado de alerta, e informamos se dispondr\u00e1 un paro de actividades en el Transporte de Pasajeros del Interior del Pa\u00eds por 72 horas, a realizarse durante los d\u00edas 25, 26 y 27 de octubre del corriente\u00bb.<\/p>\n<p>\u00abSiempre estaremos dispuestos al di\u00e1logo permanente, y pedimos la intervenci\u00f3n de las autoridades competentes para evitar las medidas de fuerza gremial, pero sepan que lucharemos por los derechos de los trabajadores, y sin aumento no nos detendremos, no vamos a resignar nuestro salario.\u00a0 Sepan que tanto los usuarios como los trabajadores somos rehenes de los gobiernos y los empresarios\u00bb, finaliza el comunicado.<\/p>\n","protected":false},"excerpt":{"rendered":"<p>Los choferes de micros del interior del pa\u00eds llevar\u00e1n adelante un paro de actividades de 72 horas a partir del pr\u00f3ximo martes 25 de octubre en demanda de mejoras salariales, seg\u00fan inform\u00f3 la Uni\u00f3n Tranviarios Automotor. A trav\u00e9s de un comunicado de prensa, firmado por el secretario general Roberto Carlos Fern\u00e1ndez, el gremio inform\u00f3 que [&hellip;]<\/p>\n","protected":false},"author":3,"featured_media":94065,"comment_status":"closed","ping_status":"closed","sticky":false,"template":"","format":"standard","meta":{"footnotes":""},"categories":[3],"tags":[],"class_list":["post-94507","post","type-post","status-publish","format-standard","has-post-thumbnail","category-masnoticias"],"_links":{"self":[{"href":"https:\/\/primicias2262.com\/noticias\/wp-json\/wp\/v2\/posts\/94507","targetHints":{"allow":["GET"]}}],"collection":[{"href":"https:\/\/primicias2262.com\/noticias\/wp-json\/wp\/v2\/posts"}],"about":[{"href":"https:\/\/primicias2262.com\/noticias\/wp-json\/wp\/v2\/types\/post"}],"author":[{"embeddable":true,"href":"https:\/\/primicias2262.com\/noticias\/wp-json\/wp\/v2\/users\/3"}],"replies":[{"embeddable":true,"href":"https:\/\/primicias2262.com\/noticias\/wp-json\/wp\/v2\/comments?post=94507"}],"version-history":[{"count":0,"href":"https:\/\/primicias2262.com\/noticias\/wp-json\/wp\/v2\/posts\/94507\/revisions"}],"wp:attachment":[{"href":"https:\/\/primicias2262.com\/noticias\/wp-json\/wp\/v2\/media?parent=94507"}],"wp:term":[{"taxonomy":"category","embeddable":true,"href":"https:\/\/primicias2262.com\/noticias\/wp-json\/wp\/v2\/categories?post=94507"},{"taxonomy":"post_tag","embeddable":true,"href":"https:\/\/primicias2262.com\/noticias\/wp-json\/wp\/v2\/tags?post=94507"}],"curies":[{"name":"wp","href":"https:\/\/api.w.org\/{rel}","templated":true}]}}