{"id":94509,"date":"2022-10-20T15:32:28","date_gmt":"2022-10-20T18:32:28","guid":{"rendered":"https:\/\/primicias2262.com\/?p=94509"},"modified":"2022-10-20T15:32:28","modified_gmt":"2022-10-20T18:32:28","slug":"almassio-celebro-la-seguidilla-de-noticias-muy-valiosas-para-escuelas-primarias-locales","status":"publish","type":"post","link":"https:\/\/primicias2262.com\/noticias\/almassio-celebro-la-seguidilla-de-noticias-muy-valiosas-para-escuelas-primarias-locales\/","title":{"rendered":"Almassio celebr\u00f3 la seguidilla de \u201cnoticias muy valiosas\u201d para escuelas primarias locales"},"content":{"rendered":"<p>La inspectora de nivel primario, Nancy Almassio, fue entrevistada v\u00eda telef\u00f3nica por el periodista Jorge G\u00f3mez en \u201cVoces de la Ciudad\u201d y se refiri\u00f3 a las muy buenas novedades que hubo en el distrito en las \u00faltimas semanas con respecto a algunas escuelas de ese nivel.<\/p>\n<p>\u201cHemos tenido noticias muy valiosas para las escuelas de Necochea desde el 30 de septiembre, cuando inauguramos en la Escuela N\u00ba 17 de Juan N. Fern\u00e1ndez una biblioteca escolar, que es una iniciativa de la directora nueva del establecimiento, Florencia Reyes\u201d, resalt\u00f3 en primer t\u00e9rmino la inspectora, para a\u00f1adir que \u201cinauguramos con la presencia de exdirectores del establecimiento y del delegado de la localidad (Guillermo Schuenemann), en un marco de gran alegr\u00eda\u201d.<\/p>\n<p>\u201cLuego seguimos el 11 de octubre -contiun\u00f3 Almassio-, ya que cumpli\u00f3 113 a\u00f1os la Escuela N\u00ba 42 de La Dulce, pionera en jornada completa, lo cual viene trabajando en eso desde el a\u00f1o 2000 y es una de las primeras de jornada completa en la Provincia de Buenos Aires, y como inspectora debo decir que con excelentes resultados\u201d.<\/p>\n<p>En rigor de verdad, remarc\u00f3 que \u201clas dos escuelas de La Dulce tienen flamantes directoras, en la Primaria N\u00ba 5 \u201cRicardo Guti\u00e9rrez\u201d est\u00e1 Marcela Carballo y en la Escuela N\u00ba 42 \u201cChaco\u201d est\u00e1 Claudia N\u00fa\u00f1ez, dos directoras que vienen de Necochea en dos escuelas que las recibieron muy bien\u201d.<\/p>\n<p>Finalmente, Almassio subray\u00f3 que \u201cla frutilla del postre fue este lunes 17 de octubre con la implementaci\u00f3n de la jornada completa en la Escuela Primaria N\u00ba 48\u2026 la verdad fue una conquista lograda en el distrito, es una escuela que desde los a\u00f1os \u201990 pelea por la jornada completa, as\u00ed que fue realmente una fiesta lo que se vivi\u00f3 el lunes pasado porque es un gran esfuerzo y recompensa a todo lo que se trabaja por parte de los docentes con los ni\u00f1os del distrito\u201d.<\/p>\n<p>\u201cJornada completa significa ocho horas de clase para los alumnos y ocho horas de desempe\u00f1o para los docentes y auxiliares, m\u00e1s est\u00edmulos de Educaci\u00f3n F\u00edsica y Arte y a partir de 2014 estas jornadas completas tienen un espacio llamado EPA (Profundizaci\u00f3n de los Aprendizajes), y la Escuela N\u00ba 48 defini\u00f3 su proyecto en Arte, el Primer Ciclo tendr\u00e1 tres horas semanales de Expresi\u00f3n Corporal y el Segundo Ciclo tres horas semanales de Teatro\u201d, ampli\u00f3 en el cierre la inspectora.<\/p>\n","protected":false},"excerpt":{"rendered":"<p>La inspectora de nivel primario, Nancy Almassio, fue entrevistada v\u00eda telef\u00f3nica por el periodista Jorge G\u00f3mez en \u201cVoces de la Ciudad\u201d y se refiri\u00f3 a las muy buenas novedades que hubo en el distrito en las \u00faltimas semanas con respecto a algunas escuelas de ese nivel. \u201cHemos tenido noticias muy valiosas para las escuelas de [&hellip;]<\/p>\n","protected":false},"author":3,"featured_media":94510,"comment_status":"closed","ping_status":"closed","sticky":false,"template":"","format":"standard","meta":{"footnotes":""},"categories":[3],"tags":[],"class_list":["post-94509","post","type-post","status-publish","format-standard","has-post-thumbnail","category-masnoticias"],"_links":{"self":[{"href":"https:\/\/primicias2262.com\/noticias\/wp-json\/wp\/v2\/posts\/94509","targetHints":{"allow":["GET"]}}],"collection":[{"href":"https:\/\/primicias2262.com\/noticias\/wp-json\/wp\/v2\/posts"}],"about":[{"href":"https:\/\/primicias2262.com\/noticias\/wp-json\/wp\/v2\/types\/post"}],"author":[{"embeddable":true,"href":"https:\/\/primicias2262.com\/noticias\/wp-json\/wp\/v2\/users\/3"}],"replies":[{"embeddable":true,"href":"https:\/\/primicias2262.com\/noticias\/wp-json\/wp\/v2\/comments?post=94509"}],"version-history":[{"count":0,"href":"https:\/\/primicias2262.com\/noticias\/wp-json\/wp\/v2\/posts\/94509\/revisions"}],"wp:attachment":[{"href":"https:\/\/primicias2262.com\/noticias\/wp-json\/wp\/v2\/media?parent=94509"}],"wp:term":[{"taxonomy":"category","embeddable":true,"href":"https:\/\/primicias2262.com\/noticias\/wp-json\/wp\/v2\/categories?post=94509"},{"taxonomy":"post_tag","embeddable":true,"href":"https:\/\/primicias2262.com\/noticias\/wp-json\/wp\/v2\/tags?post=94509"}],"curies":[{"name":"wp","href":"https:\/\/api.w.org\/{rel}","templated":true}]}}