{"id":94512,"date":"2022-10-20T15:35:32","date_gmt":"2022-10-20T18:35:32","guid":{"rendered":"https:\/\/primicias2262.com\/?p=94512"},"modified":"2022-10-20T15:35:32","modified_gmt":"2022-10-20T18:35:32","slug":"hay-que-trabajar-para-fomentar-mas-turismo-y-oportunidades","status":"publish","type":"post","link":"https:\/\/primicias2262.com\/noticias\/hay-que-trabajar-para-fomentar-mas-turismo-y-oportunidades\/","title":{"rendered":"\u201cHay que trabajar para fomentar m\u00e1s turismo y oportunidades"},"content":{"rendered":"<p>En el marco del 141 aniversario de Necochea, la diputada provincial Natalia S\u00e1nchez J\u00e1uregui recorri\u00f3 el distrito junto a la televisi\u00f3n p\u00fablica. En este contexto, asegur\u00f3 que \u00abnuestra ciudad se promocion\u00f3 a lo largo y ancho de todo el pa\u00eds\u00bb.<\/p>\n<p>La legisladora provincial acompa\u00f1\u00f3 a la Televisi\u00f3n P\u00fablica en un recorrido por Necochea y sus localidades, en este sentido, destac\u00f3 \u00bb la importancia que tiene el canal estatal para difundir no s\u00f3lo los magn\u00edficos lugares naturales, sino tambi\u00e9n la gente comprometida, que conforman una gran comunidad con mucho para ofrecer\u00bb.<\/p>\n<p>Durante toda la semana, se emitieron dos salidas diarias desde distintos puntos de la ciudad, y no s\u00f3lo se pudo apreciar el encanto de la ciudad balnearia, sino que se entrevist\u00f3 a vecinos y vecinas, empresarios y comerciantes necochenses.<\/p>\n<p>\u201cLo que estamos haciendo es ser parte de la agenda de la TV P\u00fablica, y que nuestra ciudad pueda verse a lo largo y ancho de todo el pa\u00eds\u201d, indic\u00f3 la legisladora, durante una visita al mural a cielo abierto de la Escollera Sur.<\/p>\n<p>Adem\u00e1s, agreg\u00f3 que \u201cpoder mostrar no s\u00f3lo las bondades de la naturaleza, sino tambi\u00e9n a la comunidad, como es el caso del taller protegido \u201cTodo Para Ellos\u201d, que se dedican al reciclado de pl\u00e1stico, artistas y personalidades comprometidas con nuestro distrito y es una gran oportunidad\u201d.<\/p>\n<p>En el marco del 141 aniversario de Necochea, S\u00e1nchez Jauregui, desde la Escollera Sur, a\u00f1adi\u00f3 que se siente emocionada \u201cviendo las ballenas, que es un regalo m\u00e1s para mostrar y promocionar esta hermosa ciudad, con el objetivo de que la pr\u00f3xima temporada sea mucho mejor\u201d.<\/p>\n<p>\u201cHay que trabajar para fomentar m\u00e1s turismo y oportunidades, Necochea es maravillosa y es fundamental promocionar este lugar\u201d, se\u00f1alo la diputada bonaerense.<br \/>\nEl equipo del canal estatal estuvo toda la semana, en horario matutino y vespertino, present\u00f3 diferentes sitios y actividades relacionadas a lo cultural, empresarial, art\u00edstico y tur\u00edstico.<\/p>\n<p>En tal sentido, se pudieron ver notas del parque Miguel Lillo, la Escollera Sur, sus playas, el Lago de los Cisnes, una f\u00e1brica de helados locales, las termas de UATRE y la historia del Faro de Quequ\u00e9n, el puente colgante, actividades deportivas acu\u00e1ticas, entre otros sitios tur\u00edsticos.<\/p>\n","protected":false},"excerpt":{"rendered":"<p>En el marco del 141 aniversario de Necochea, la diputada provincial Natalia S\u00e1nchez J\u00e1uregui recorri\u00f3 el distrito junto a la televisi\u00f3n p\u00fablica. En este contexto, asegur\u00f3 que \u00abnuestra ciudad se promocion\u00f3 a lo largo y ancho de todo el pa\u00eds\u00bb. La legisladora provincial acompa\u00f1\u00f3 a la Televisi\u00f3n P\u00fablica en un recorrido por Necochea y sus [&hellip;]<\/p>\n","protected":false},"author":3,"featured_media":94513,"comment_status":"closed","ping_status":"closed","sticky":false,"template":"","format":"standard","meta":{"footnotes":""},"categories":[3],"tags":[],"class_list":["post-94512","post","type-post","status-publish","format-standard","has-post-thumbnail","category-masnoticias"],"_links":{"self":[{"href":"https:\/\/primicias2262.com\/noticias\/wp-json\/wp\/v2\/posts\/94512","targetHints":{"allow":["GET"]}}],"collection":[{"href":"https:\/\/primicias2262.com\/noticias\/wp-json\/wp\/v2\/posts"}],"about":[{"href":"https:\/\/primicias2262.com\/noticias\/wp-json\/wp\/v2\/types\/post"}],"author":[{"embeddable":true,"href":"https:\/\/primicias2262.com\/noticias\/wp-json\/wp\/v2\/users\/3"}],"replies":[{"embeddable":true,"href":"https:\/\/primicias2262.com\/noticias\/wp-json\/wp\/v2\/comments?post=94512"}],"version-history":[{"count":0,"href":"https:\/\/primicias2262.com\/noticias\/wp-json\/wp\/v2\/posts\/94512\/revisions"}],"wp:attachment":[{"href":"https:\/\/primicias2262.com\/noticias\/wp-json\/wp\/v2\/media?parent=94512"}],"wp:term":[{"taxonomy":"category","embeddable":true,"href":"https:\/\/primicias2262.com\/noticias\/wp-json\/wp\/v2\/categories?post=94512"},{"taxonomy":"post_tag","embeddable":true,"href":"https:\/\/primicias2262.com\/noticias\/wp-json\/wp\/v2\/tags?post=94512"}],"curies":[{"name":"wp","href":"https:\/\/api.w.org\/{rel}","templated":true}]}}