{"id":94515,"date":"2022-10-20T15:39:02","date_gmt":"2022-10-20T18:39:02","guid":{"rendered":"https:\/\/primicias2262.com\/?p=94515"},"modified":"2022-10-20T15:39:02","modified_gmt":"2022-10-20T18:39:02","slug":"jornada-recreativa-en-los-alamos-para-vacunar-contra-sarampion-rubeola-paperas-y-polio","status":"publish","type":"post","link":"https:\/\/primicias2262.com\/noticias\/jornada-recreativa-en-los-alamos-para-vacunar-contra-sarampion-rubeola-paperas-y-polio\/","title":{"rendered":"Jornada recreativa en Los \u00c1lamos para vacunar contra sarampi\u00f3n, rub\u00e9ola, paperas y polio"},"content":{"rendered":"<p><strong>El equipo de Salud visitar\u00e1 este s\u00e1bado 22 de octubre, a las 10 de la ma\u00f1ana, la Unidad Barrial ubicada en la Capilla San Pablo, en calle 88 N\u00ba 1565. La Campa\u00f1a Nacional est\u00e1 dirigida a ni\u00f1as y ni\u00f1os de 13 meses a 4 a\u00f1os de edad.<\/strong><\/p>\n<div class=\"wp-block-media-text is-stacked-on-mobile is-vertically-aligned-top\">\n<div class=\"wp-block-media-text__content\">\n<p>En el marco de la Campa\u00f1a Nacional de Vacunaci\u00f3n contra Sarampi\u00f3n, Rub\u00e9ola, Paperas y Poliomielitis 2022, que tiene desarrollo en todo el territorio nacional entre el 1\u00b0 de octubre y el 13 de noviembre, se realizar\u00e1 una jornada recreativa en el Barrio Los \u00c1lamos durante la cual el equipo de Salud municipal estar\u00e1 aplicando las dosis correspondientes de Triple Viral y Salk.<\/p>\n<p>El evento tendr\u00e1 lugar en la Unidad Barrial ubicada en la Capilla San Pablo, en calle 88 N\u00ba 1565 el pr\u00f3ximo s\u00e1bado 22 de octubre, a las 10 de la ma\u00f1ana, dirigida a ni\u00f1as y ni\u00f1os de 13 meses a 4 a\u00f1os de edad, por lo que se convoca a todas las familias de la zona a acercarse al operativo para inmunizar a los m\u00e1s peque\u00f1os.<\/p>\n<p><a href=\"https:\/\/primicias2262.com\/wp-content\/uploads\/2022\/10\/Placa.jpeg\"><img loading=\"lazy\" decoding=\"async\" class=\"alignright size-large wp-image-94516\" src=\"https:\/\/primicias2262.com\/wp-content\/uploads\/2022\/10\/Placa-1024x1024.jpeg\" alt=\"\" width=\"696\" height=\"696\" \/><\/a>Esta jornada se realiza en paralelo a la vacunaci\u00f3n en jardines de infantes, que se viene implementando desde principios del mes, y las campa\u00f1as itinerantes organizadas junto al personal COVID en espacios p\u00fablicos, que actualmente se encuentra en la Plaza Hip\u00f3lito Yrigoyen de Quequ\u00e9n y que, desde el venidero lunes, estar\u00e1 apostada en la Dardo Rocha.<\/p>\n<\/div>\n<\/div>\n<p>En Argentina el sarampi\u00f3n, la rub\u00e9ola y la poliomielitis son enfermedades que est\u00e1n eliminadas. Esto quiere decir que ya no circulan en nuestro pa\u00eds. Sin embargo, a\u00fan provocan brotes en otras partes del mundo. Con estas dosis adicionales se busca dar mayor protecci\u00f3n y evitar su resurgimiento.<\/p>\n","protected":false},"excerpt":{"rendered":"<p>El equipo de Salud visitar\u00e1 este s\u00e1bado 22 de octubre, a las 10 de la ma\u00f1ana, la Unidad Barrial ubicada en la Capilla San Pablo, en calle 88 N\u00ba 1565. La Campa\u00f1a Nacional est\u00e1 dirigida a ni\u00f1as y ni\u00f1os de 13 meses a 4 a\u00f1os de edad. En el marco de la Campa\u00f1a Nacional de [&hellip;]<\/p>\n","protected":false},"author":3,"featured_media":94517,"comment_status":"closed","ping_status":"closed","sticky":false,"template":"","format":"standard","meta":{"footnotes":""},"categories":[3],"tags":[],"class_list":["post-94515","post","type-post","status-publish","format-standard","has-post-thumbnail","category-masnoticias"],"_links":{"self":[{"href":"https:\/\/primicias2262.com\/noticias\/wp-json\/wp\/v2\/posts\/94515","targetHints":{"allow":["GET"]}}],"collection":[{"href":"https:\/\/primicias2262.com\/noticias\/wp-json\/wp\/v2\/posts"}],"about":[{"href":"https:\/\/primicias2262.com\/noticias\/wp-json\/wp\/v2\/types\/post"}],"author":[{"embeddable":true,"href":"https:\/\/primicias2262.com\/noticias\/wp-json\/wp\/v2\/users\/3"}],"replies":[{"embeddable":true,"href":"https:\/\/primicias2262.com\/noticias\/wp-json\/wp\/v2\/comments?post=94515"}],"version-history":[{"count":0,"href":"https:\/\/primicias2262.com\/noticias\/wp-json\/wp\/v2\/posts\/94515\/revisions"}],"wp:attachment":[{"href":"https:\/\/primicias2262.com\/noticias\/wp-json\/wp\/v2\/media?parent=94515"}],"wp:term":[{"taxonomy":"category","embeddable":true,"href":"https:\/\/primicias2262.com\/noticias\/wp-json\/wp\/v2\/categories?post=94515"},{"taxonomy":"post_tag","embeddable":true,"href":"https:\/\/primicias2262.com\/noticias\/wp-json\/wp\/v2\/tags?post=94515"}],"curies":[{"name":"wp","href":"https:\/\/api.w.org\/{rel}","templated":true}]}}