{"id":94519,"date":"2022-10-20T15:48:16","date_gmt":"2022-10-20T18:48:16","guid":{"rendered":"https:\/\/primicias2262.com\/?p=94519"},"modified":"2022-10-20T15:48:16","modified_gmt":"2022-10-20T18:48:16","slug":"llego-al-hospital-ferreyra-una-primera-tanda-de-40-colchones-sanitarios","status":"publish","type":"post","link":"https:\/\/primicias2262.com\/noticias\/llego-al-hospital-ferreyra-una-primera-tanda-de-40-colchones-sanitarios\/","title":{"rendered":"Lleg\u00f3 al Hospital Ferreyra una primera tanda de 40 colchones sanitarios"},"content":{"rendered":"<p>Por primera vez y con fondos propios, el municipio adquiri\u00f3 40 colchones sanitarios que ya llegaron al Hospital Municipal Ferreyra, y que ya se empezaron a distribuir en las diferentes habitaciones de internaci\u00f3n trazando prioridades. Prontamente, se va a comprar una segunda tanda de otros 40 para as\u00ed cubrir totalmente una necesidad de hace largos a\u00f1os.<\/p>\n<p>En este contexto, la secretaria de Salud, Andrea Perestiuk, se\u00f1al\u00f3 en el nosocomio que \u201cesta es una compra que se da por primera vez en la historia y con recursos propios\u201d para manifestar que \u201cse trata de colchones sanitarios espec\u00edficos que llegan para empezar a renovar el staff de las salas de internaci\u00f3n del hospital\u201d.<\/p>\n<p>Y cerr\u00f3: \u201cEsta compra tuvo un costo de 1.120.000 pesos y ac\u00e1 la estamos recibiendo con las directoras que son las que motivan todo el tiempo todo este proceso de recambio en el hospital\u201d.<\/p>\n<p>Por su parte, y tras recibir el apoyo de su superior, la directora Vilma Parodi detall\u00f3 que \u201clos vamos a empezar a distribuir ya mismo en las salas donde hay m\u00e1s necesidad, como Maternidad, Cl\u00ednica M\u00e9dica o en Cirug\u00eda general que nunca tuvieron este tipo de colchones, pero tambi\u00e9n llevaremos a salas donde s\u00ed hay pero donde hay que renovar como puede ser en la sala de Terapia Intensiva o USIM\u201d.<\/p>\n<div class=\"wp-block-media-text is-stacked-on-mobile\">\n<div class=\"wp-block-media-text__content\">\n<p>Luego, explic\u00f3 la funcionaria en que \u201cson colchones con un recubrimiento especial, lavables incluso con lavandina, antihongos pero que nada tienen que ver con colchones anti escaras\u201d.<\/p>\n<p>\u201cLlegaron 40 colchones y 40 almohadas totalmente termoselladas\u201d a\u00f1adi\u00f3 como dato t\u00e9cnico, para adelantar por \u00faltimo que \u201cla idea es comprar lo antes que se pueda 40 m\u00e1s y con eso ya estar\u00edamos cubriendo la demanda total del hospital\u201d.<\/p>\n<p>Para cerrar, la directora asociada, Fernanda Men\u00e9ndez, acot\u00f3 que \u201cestamos trabajando paulatinamente y con mucho esfuerzo diario para tratar de mejorar la calidad de la internaci\u00f3n de todas las \u00e1reas, y en ese sentido lo hacemos mediante todo el sistema administrativo correspondiente que a veces nos demora un poco\u201d.<\/p>\n<\/div>\n<\/div>\n","protected":false},"excerpt":{"rendered":"<p>Por primera vez y con fondos propios, el municipio adquiri\u00f3 40 colchones sanitarios que ya llegaron al Hospital Municipal Ferreyra, y que ya se empezaron a distribuir en las diferentes habitaciones de internaci\u00f3n trazando prioridades. Prontamente, se va a comprar una segunda tanda de otros 40 para as\u00ed cubrir totalmente una necesidad de hace largos [&hellip;]<\/p>\n","protected":false},"author":3,"featured_media":94520,"comment_status":"closed","ping_status":"closed","sticky":false,"template":"","format":"standard","meta":{"footnotes":""},"categories":[3],"tags":[],"class_list":["post-94519","post","type-post","status-publish","format-standard","has-post-thumbnail","category-masnoticias"],"_links":{"self":[{"href":"https:\/\/primicias2262.com\/noticias\/wp-json\/wp\/v2\/posts\/94519","targetHints":{"allow":["GET"]}}],"collection":[{"href":"https:\/\/primicias2262.com\/noticias\/wp-json\/wp\/v2\/posts"}],"about":[{"href":"https:\/\/primicias2262.com\/noticias\/wp-json\/wp\/v2\/types\/post"}],"author":[{"embeddable":true,"href":"https:\/\/primicias2262.com\/noticias\/wp-json\/wp\/v2\/users\/3"}],"replies":[{"embeddable":true,"href":"https:\/\/primicias2262.com\/noticias\/wp-json\/wp\/v2\/comments?post=94519"}],"version-history":[{"count":0,"href":"https:\/\/primicias2262.com\/noticias\/wp-json\/wp\/v2\/posts\/94519\/revisions"}],"wp:attachment":[{"href":"https:\/\/primicias2262.com\/noticias\/wp-json\/wp\/v2\/media?parent=94519"}],"wp:term":[{"taxonomy":"category","embeddable":true,"href":"https:\/\/primicias2262.com\/noticias\/wp-json\/wp\/v2\/categories?post=94519"},{"taxonomy":"post_tag","embeddable":true,"href":"https:\/\/primicias2262.com\/noticias\/wp-json\/wp\/v2\/tags?post=94519"}],"curies":[{"name":"wp","href":"https:\/\/api.w.org\/{rel}","templated":true}]}}