{"id":94537,"date":"2022-10-21T15:46:59","date_gmt":"2022-10-21T18:46:59","guid":{"rendered":"https:\/\/primicias2262.com\/?p=94537"},"modified":"2022-10-21T15:46:59","modified_gmt":"2022-10-21T18:46:59","slug":"mas-de-200-personas-ya-pasaron-a-visitar-el-salon-angel-i-murga","status":"publish","type":"post","link":"https:\/\/primicias2262.com\/noticias\/mas-de-200-personas-ya-pasaron-a-visitar-el-salon-angel-i-murga\/","title":{"rendered":"M\u00e1s de 200 personas ya pasaron a visitar el Sal\u00f3n \u00abAngel I. Murga\u00bb"},"content":{"rendered":"<p><strong>La muestra estar\u00e1 abierta hasta el viernes 4 de noviembre <\/strong><\/p>\n<p>M\u00e1s de 200 personas ya pasaron a visitar el Sal\u00f3n Anual de Arte \u201c\u00c1ngel I. Murga\u201d que fue organizado por Centro Cultural de Necochea Biblioteca Popular Andr\u00e9s Ferreyra (CCN\/BPAF) e inaugurado el pasado viernes 14 de octubre, en el marco de los festejos por el Aniversario de Necochea.<\/p>\n<p>La muestra se caracteriza por la participaci\u00f3n de todos los artistas que deseen hacerlo, y en esta edici\u00f3n N\u00b0 41 cont\u00f3 con la presencia de m\u00e1s de 80 obras que incluyen dibujo, pintura, escultura, fotograf\u00eda y cer\u00e1mica en diversas t\u00e9cnicas.<\/p>\n<p>El Sal\u00f3n Anual de Arte \u201c\u00c1ngel I. Murga\u201d se encuentra en la sala Pedro Arozarena, primer piso, y se puede visitar de lunes a viernes de 14:00 a 20:00 horas. Entrada libre y gratuita.<\/p>\n<p><strong>Los expositores son: <\/strong><\/p>\n<p>Mar\u00eda Agustina Castro ; Sebasti\u00e1n Serqueira, Delfina Holzmann; Mariela Fern\u00e1ndez; Ana Mar\u00eda Juliano; Marta Gonzalez; Lorena Carucho; N\u00e9lida Nu\u00f1ez; Mar\u00eda Petrarca; Tiara Laluk; Marta Bertoldi; Mar\u00eda Cristina Clos; Carina Ortiz; Jossel\u00edn Revelo; Mar\u00eda Elena Diav; Alba Mostaza; Liliana Gonzalez; Raquel Moroni; Alicia Mabel Lizaur; Carina Santilli; Juan Arozena; Irma Callieri; Claudia Ihigo y Mar\u00eda In\u00e9s Aldalur.<\/p>\n<p>Tambi\u00e9n exponen sus obras Juan Pablo Mart\u00ednez; Andrea Rampogna; Julia de Lunardo; J\u00e9ctor lynn; Stella Maris Giustiniani; Josefa Osinalde; Ligia de Rosa; Diego Knudsen; Nelson Lucero; Anal\u00eda D\u00edaz; Mar\u00eda Luj\u00e1n Walter; Paula Perez; Ver\u00f3nica Hansen; Angela Armentia; Marga Rodr\u00edguez de Hernandez; Luc\u00eda Mart\u00ednez; Elsa Nievas; Ana Mar\u00eda Fuentes; Adriana Quevedo; Karen Alvarez; Silvia Orofino; Camila Nielsen; Lis Fernandez; Natalia Farias; Cora Marraro; Liliana Solfa; Diego Conti; Silvia Gonzalez; Emmanuel Cappone; Mery Defferrari;\u00a0 Karina Villalba; Natalia Abrahim; Claudia Bautista; Gabriela Millar; Melisa Zapico; Claudia Sieiro; Rosa Correa; Laureano Goyeneche; Gonzalo Serrano; Josefina Serrano; Marisa Luguercho; Irma Guti\u00e9rrez; Macarena Leo; Alicia Duhalde; Lydia La Torre; Lisandro Alvarez; Silvia Sanchez; Mariela Acacio; Teresa Ojeda; Martina Coronel Arribas; Andrea Labarthe, Sabrina In\u00e9s, D\u00e9bora Wall; Maricel Fuentes Garcia, Marion Wehner, Lorena P\u00e9rez, Mariano Oholeguy; Lilia Alvarez y Andrea G\u00f3mez<\/p>\n","protected":false},"excerpt":{"rendered":"<p>La muestra estar\u00e1 abierta hasta el viernes 4 de noviembre M\u00e1s de 200 personas ya pasaron a visitar el Sal\u00f3n Anual de Arte \u201c\u00c1ngel I. Murga\u201d que fue organizado por Centro Cultural de Necochea Biblioteca Popular Andr\u00e9s Ferreyra (CCN\/BPAF) e inaugurado el pasado viernes 14 de octubre, en el marco de los festejos por el [&hellip;]<\/p>\n","protected":false},"author":3,"featured_media":94538,"comment_status":"closed","ping_status":"closed","sticky":false,"template":"","format":"standard","meta":{"footnotes":""},"categories":[3],"tags":[],"class_list":["post-94537","post","type-post","status-publish","format-standard","has-post-thumbnail","category-masnoticias"],"_links":{"self":[{"href":"https:\/\/primicias2262.com\/noticias\/wp-json\/wp\/v2\/posts\/94537","targetHints":{"allow":["GET"]}}],"collection":[{"href":"https:\/\/primicias2262.com\/noticias\/wp-json\/wp\/v2\/posts"}],"about":[{"href":"https:\/\/primicias2262.com\/noticias\/wp-json\/wp\/v2\/types\/post"}],"author":[{"embeddable":true,"href":"https:\/\/primicias2262.com\/noticias\/wp-json\/wp\/v2\/users\/3"}],"replies":[{"embeddable":true,"href":"https:\/\/primicias2262.com\/noticias\/wp-json\/wp\/v2\/comments?post=94537"}],"version-history":[{"count":0,"href":"https:\/\/primicias2262.com\/noticias\/wp-json\/wp\/v2\/posts\/94537\/revisions"}],"wp:attachment":[{"href":"https:\/\/primicias2262.com\/noticias\/wp-json\/wp\/v2\/media?parent=94537"}],"wp:term":[{"taxonomy":"category","embeddable":true,"href":"https:\/\/primicias2262.com\/noticias\/wp-json\/wp\/v2\/categories?post=94537"},{"taxonomy":"post_tag","embeddable":true,"href":"https:\/\/primicias2262.com\/noticias\/wp-json\/wp\/v2\/tags?post=94537"}],"curies":[{"name":"wp","href":"https:\/\/api.w.org\/{rel}","templated":true}]}}