{"id":94542,"date":"2022-10-21T17:09:41","date_gmt":"2022-10-21T20:09:41","guid":{"rendered":"https:\/\/primicias2262.com\/?p=94542"},"modified":"2022-10-21T17:09:41","modified_gmt":"2022-10-21T20:09:41","slug":"lescano-afirmo-que-el-frente-de-todos-no-tiene-una-conduccion-clara-en-necochea","status":"publish","type":"post","link":"https:\/\/primicias2262.com\/noticias\/lescano-afirmo-que-el-frente-de-todos-no-tiene-una-conduccion-clara-en-necochea\/","title":{"rendered":"Lescano afirm\u00f3 que el Frente de Todos no tiene una conducci\u00f3n clara en Necochea"},"content":{"rendered":"<p>El referente del Movimiento Evita asegur\u00f3 que de algunos actores de la coalici\u00f3n no hay visi\u00f3n integral hacia el Frente y volvi\u00f3 a asegurar que quiere ser candidato a intendente en 2023: \u201cLa idea sigue en pie y va tomando volumen\u201d, manifest\u00f3 durante su visita a los estudios de \u201cVoces de la Ciudad\u201d.<\/p>\n<p>Durante una nota realizada por el periodista Jorge G\u00f3mez, se le pregunt\u00f3 a Luciano Lescano c\u00f3mo est\u00e1 el Frente de Todos de Necochea, sobre lo que se\u00f1al\u00f3 que \u201cel Frente de Todos en Necochea es una coalici\u00f3n de diferentes espacios que responden a diferentes dirigentes: est\u00e1 La C\u00e1mpora que responde a M\u00e1ximo Kirchner; el Frente Renovador que responde a Sergio Massa; el Partido FE con Natalia S\u00e1nchez J\u00e1uregui, el Movimiento Evita que es el movimiento popular m\u00e1s grande de Argentina y el Partido Justicialista con Marcelo Rivero\u201d.<\/p>\n<p>Hecha esa aclaraci\u00f3n con nombres propios, Lescano asegur\u00f3 que \u201cnuestra autocr\u00edtica desde el Movimiento Evita para con el partido es que hoy el Frente de Todos no tiene una conducci\u00f3n clara, y despu\u00e9s de la elecci\u00f3n del a\u00f1o pasado solo tuvimos dos encuentros\u2026 en nuestro espacio no hay conductor claro como en otras ciudades, Tandil o Mar del Plata por ejemplo\u201d.<\/p>\n<p>Si bien destac\u00f3 que \u201cel Movimiento Evita ha hecho un intento articulando con El Estado en Tu Barrio, que ha sido exitoso\u201d, no dud\u00f3 en se\u00f1alar que \u201cno ha habido una pol\u00edtica de encuentro y de discusi\u00f3n del Frente de Todos internamente de cara al a\u00f1o que viene, por eso me parece importante seguir junt\u00e1ndonos, fundamentalmente para darle respuestas a la gente\u201d.<\/p>\n<p>Tambi\u00e9n resalt\u00f3 que \u201cde algunos actores no hay ning\u00fan tipo de gesto hacia el Frente de Todos, carecemos de una voluntad frentista y cuando lo \u00fanico que interesa es gestionar para mi sector sin una visi\u00f3n integral, termina ocurriendo esto\u201d.<\/p>\n<p>En tanto, cuando se le pregunt\u00f3 si sostiene la intenci\u00f3n de armar proyecto electoral que lo tenga como aspirante a la intendencia en 2023, asegur\u00f3 sin vueltas que \u201csigue en pie y va tomando volumen a medida que el Movimiento Evita a nivel nacional tambi\u00e9n ha decidido crear un partido propio, llamado \u201cLa Patria de los Comunes\u201d. Queremos mayor preeminencia de los movimientos populares y sociales en la pol\u00edtica partidaria y representaci\u00f3n, no depender solo del dedo de tal o cual armador\u201d.<\/p>\n<p>En ese marco se le consult\u00f3 c\u00f3mo competir contra el actual intendente Arturo Rojas, que mide bien en la ciudadan\u00eda, y Lescano argument\u00f3 que \u201chay que centrarse en lo propositivo, ya la gente no aguanta m\u00e1s el nivel de divisi\u00f3n, es desgastante y venimos de una sociedad que estuvo encerrada, as\u00ed que la gente quiere propuestas y nosotros nos centraremos en los puntos d\u00e9biles de Arturo Rojas, por ejemplo en Econom\u00eda Social habr\u00eda que armar una Direcci\u00f3n, con alguien que sepa de la situaci\u00f3n; y cuestiones que tienen que ver con Salud, Cultura y dem\u00e1s \u00e1mbitos\u201d.<\/p>\n<p>Finalmente, se\u00f1al\u00f3 que \u201cestamos en una etapa de seducci\u00f3n y de caminar y charlar con diferentes actores, no somos sectarios, si uno tiene voluntad de llegar al poder tiene que tratar de dialogar con todos los espacios representativos de la ciudad, incluso por fuera del Frente de Todos, y tenemos que hablarle a mucha m\u00e1s gente que la que hoy se siente representada por el Frente de Todos. Nuestra lealtad es con el pueblo y vamos a formar un partido pol\u00edtico para ser opci\u00f3n\u201d.<\/p>\n","protected":false},"excerpt":{"rendered":"<p>El referente del Movimiento Evita asegur\u00f3 que de algunos actores de la coalici\u00f3n no hay visi\u00f3n integral hacia el Frente y volvi\u00f3 a asegurar que quiere ser candidato a intendente en 2023: \u201cLa idea sigue en pie y va tomando volumen\u201d, manifest\u00f3 durante su visita a los estudios de \u201cVoces de la Ciudad\u201d. Durante una [&hellip;]<\/p>\n","protected":false},"author":3,"featured_media":94544,"comment_status":"closed","ping_status":"closed","sticky":false,"template":"","format":"standard","meta":{"footnotes":""},"categories":[3],"tags":[],"class_list":["post-94542","post","type-post","status-publish","format-standard","has-post-thumbnail","category-masnoticias"],"_links":{"self":[{"href":"https:\/\/primicias2262.com\/noticias\/wp-json\/wp\/v2\/posts\/94542","targetHints":{"allow":["GET"]}}],"collection":[{"href":"https:\/\/primicias2262.com\/noticias\/wp-json\/wp\/v2\/posts"}],"about":[{"href":"https:\/\/primicias2262.com\/noticias\/wp-json\/wp\/v2\/types\/post"}],"author":[{"embeddable":true,"href":"https:\/\/primicias2262.com\/noticias\/wp-json\/wp\/v2\/users\/3"}],"replies":[{"embeddable":true,"href":"https:\/\/primicias2262.com\/noticias\/wp-json\/wp\/v2\/comments?post=94542"}],"version-history":[{"count":0,"href":"https:\/\/primicias2262.com\/noticias\/wp-json\/wp\/v2\/posts\/94542\/revisions"}],"wp:attachment":[{"href":"https:\/\/primicias2262.com\/noticias\/wp-json\/wp\/v2\/media?parent=94542"}],"wp:term":[{"taxonomy":"category","embeddable":true,"href":"https:\/\/primicias2262.com\/noticias\/wp-json\/wp\/v2\/categories?post=94542"},{"taxonomy":"post_tag","embeddable":true,"href":"https:\/\/primicias2262.com\/noticias\/wp-json\/wp\/v2\/tags?post=94542"}],"curies":[{"name":"wp","href":"https:\/\/api.w.org\/{rel}","templated":true}]}}