{"id":94545,"date":"2022-10-21T17:21:35","date_gmt":"2022-10-21T20:21:35","guid":{"rendered":"https:\/\/primicias2262.com\/?p=94545"},"modified":"2022-10-21T17:21:35","modified_gmt":"2022-10-21T20:21:35","slug":"micros-el-paro-esta-decretado-pero-esperemos-que-haya-algun-arreglo-de-aca-al-lunes","status":"publish","type":"post","link":"https:\/\/primicias2262.com\/noticias\/micros-el-paro-esta-decretado-pero-esperemos-que-haya-algun-arreglo-de-aca-al-lunes\/","title":{"rendered":"Micros: \u201cEl paro est\u00e1 decretado pero esperemos que haya alg\u00fan arreglo de ac\u00e1 al lunes\u201d"},"content":{"rendered":"<p>As\u00ed lo afirm\u00f3 Javier Sosa, delegado de los trabajadores del transporte p\u00fablico de pasajeros, durante la ma\u00f1ana de \u201cVoces de la Ciudad\u201d, en el contexto del paro de colectivos por 72 horas anunciado por la UTA (Uni\u00f3n de Tranviarios Automotor) para martes, mi\u00e9rcoles y jueves de la semana venidera en todo el interior del pa\u00eds en reclamo de igualdad salarial.<\/p>\n<p>De esta manera, los pasajeros del interior -al igual que la semana pasada- se quedar\u00edan sin transporte p\u00fablico.<\/p>\n<p>Ante la consulta del periodista Jorge G\u00f3mez, Sosa argument\u00f3 que \u201cel problema de siempre es la diferencia que tenemos con el AMBA y el interior del pa\u00eds\u2026 el AMBA ya tiene arreglado hace un mes y medio y es terrible que pase esto, m\u00e1s como est\u00e1 la situaci\u00f3n del pa\u00eds, que d\u00eda a d\u00eda ten\u00e9s una diferencia terrible\u201d.<\/p>\n<p>Sigui\u00f3 expresando el delegado que \u201cen AMBA al gas oil lo est\u00e1n comprando barato, mientras que ac\u00e1 te lo traen y te lo venden m\u00e1s caro que en el surtidor, entonces hay cosas que no pueden ser\u201d.<\/p>\n<p>A su vez, \u201cnosotros los empleados estamos parados hace un tiempo largo con el tema de paritarias, no ha habido aumentos y queremos que se pueda solucionar de ac\u00e1 al lunes, esperemos que haya alg\u00fan arreglo, lo cierto es que se siguen manteniendo reuniones todos los d\u00edas y esperemos que se llegue a un buen fin para todos\u201d.<\/p>\n<p>\u201cEl paro ya est\u00e1 decretado, pero esperemos alg\u00fan gesto bondadoso de ac\u00e1 al lunes para que podamos seguir trabajando de forma normal\u201d, culmin\u00f3 Sosa.<\/p>\n","protected":false},"excerpt":{"rendered":"<p>As\u00ed lo afirm\u00f3 Javier Sosa, delegado de los trabajadores del transporte p\u00fablico de pasajeros, durante la ma\u00f1ana de \u201cVoces de la Ciudad\u201d, en el contexto del paro de colectivos por 72 horas anunciado por la UTA (Uni\u00f3n de Tranviarios Automotor) para martes, mi\u00e9rcoles y jueves de la semana venidera en todo el interior del pa\u00eds [&hellip;]<\/p>\n","protected":false},"author":3,"featured_media":77143,"comment_status":"closed","ping_status":"closed","sticky":false,"template":"","format":"standard","meta":{"footnotes":""},"categories":[3],"tags":[],"class_list":["post-94545","post","type-post","status-publish","format-standard","has-post-thumbnail","category-masnoticias"],"_links":{"self":[{"href":"https:\/\/primicias2262.com\/noticias\/wp-json\/wp\/v2\/posts\/94545","targetHints":{"allow":["GET"]}}],"collection":[{"href":"https:\/\/primicias2262.com\/noticias\/wp-json\/wp\/v2\/posts"}],"about":[{"href":"https:\/\/primicias2262.com\/noticias\/wp-json\/wp\/v2\/types\/post"}],"author":[{"embeddable":true,"href":"https:\/\/primicias2262.com\/noticias\/wp-json\/wp\/v2\/users\/3"}],"replies":[{"embeddable":true,"href":"https:\/\/primicias2262.com\/noticias\/wp-json\/wp\/v2\/comments?post=94545"}],"version-history":[{"count":0,"href":"https:\/\/primicias2262.com\/noticias\/wp-json\/wp\/v2\/posts\/94545\/revisions"}],"wp:attachment":[{"href":"https:\/\/primicias2262.com\/noticias\/wp-json\/wp\/v2\/media?parent=94545"}],"wp:term":[{"taxonomy":"category","embeddable":true,"href":"https:\/\/primicias2262.com\/noticias\/wp-json\/wp\/v2\/categories?post=94545"},{"taxonomy":"post_tag","embeddable":true,"href":"https:\/\/primicias2262.com\/noticias\/wp-json\/wp\/v2\/tags?post=94545"}],"curies":[{"name":"wp","href":"https:\/\/api.w.org\/{rel}","templated":true}]}}