{"id":94547,"date":"2022-10-21T17:34:55","date_gmt":"2022-10-21T20:34:55","guid":{"rendered":"https:\/\/primicias2262.com\/?p=94547"},"modified":"2022-10-21T17:34:55","modified_gmt":"2022-10-21T20:34:55","slug":"comercios-locales-ya-pueden-adherirse-al-programa-ahora-30","status":"publish","type":"post","link":"https:\/\/primicias2262.com\/noticias\/comercios-locales-ya-pueden-adherirse-al-programa-ahora-30\/","title":{"rendered":"Comercios locales ya pueden adherirse al programa Ahora 30"},"content":{"rendered":"<p><strong>Puede participar del programa cualquier negocio peque\u00f1o o mediano dedicado al rubro, siempre y cuando tengan una sede f\u00edsica. El plan comenz\u00f3 a regir\u00a0este viernes e incluye\u00a0un congelamiento por 90\u00a0d\u00edas en los precios de heladeras, lavarropas, celulares, televisores y aires de producci\u00f3n nacional.<\/strong><\/p>\n<p>La Secretar\u00eda de Turismo y Desarrollo Productivo de la Municipalidad de Necochea recuerda que el plan lanzado por el Gobierno nacional para la\u00a0financiaci\u00f3n de electrodom\u00e9sticos en treinta cuotas fijas, conocido como Ahora 30,\u00a0comenz\u00f3 a regir\u00a0este viernes e incluye\u00a0un congelamiento por 90\u00a0d\u00edas en los precios de productos como\u00a0heladeras, lavarropas, celulares, televisores y equipos de aire acondicionado\u00a0de bajo consumo, todos de producci\u00f3n nacional.<\/p>\n<p>El nuevo programa fue reglamentado a trav\u00e9s de las Resoluciones 56 y 57\/2022, publicadas en el Bolet\u00edn Oficial, y\u00a0funcionar\u00e1 hasta el pr\u00f3ximo 22 de diciembre\u00a0o hasta superar un\u00a0l\u00edmite para el conjunto de operaciones de 100 mil\u00a0millones de pesos, lo que ocurra primero.<\/p>\n<p>El Gobierno tambi\u00e9n dispuso la opci\u00f3n de una pr\u00f3rroga del mismo hasta el pr\u00f3ximo 19 de enero, la cual depender\u00e1 de su funcionamiento y recepci\u00f3n, seg\u00fan se\u00f1alaron fuentes de la Secretar\u00eda de Comercio.<\/p>\n<p>Se podr\u00e1n financiar la compra de\u00a0aires incondicionados con tecnolog\u00eda \u00abinverter\u201d, lavarropas, heladeras, televisores de 50 o m\u00e1s pulgadas con resoluci\u00f3n 4K y\u00a0celulares 4G de gama baja y media,\u00a0todos producidos en el pa\u00eds, los que contar\u00e1n con una se\u00f1al\u00e9tica para identificarlos en los locales y p\u00e1ginas de venta online.<\/p>\n<p>El l\u00edmite del valor de venta de los productos ser\u00e1 de $200.000, con un tope m\u00e1ximo de precio cup\u00f3n -es decir, incluidos los intereses- de $400.000. En cuanto a la\u00a0tasa de financiamiento ser\u00e1 del 48%, casi la mitad de la actual en el sistema financiero para el pago de res\u00famenes de tarjetas de cr\u00e9dito, que es de 83% de Tasa Efectiva Anual (TEA).<\/p>\n<p>Del programa no s\u00f3lo pueden participar las\u00a0grandes cadenas,\u00a0sino tambi\u00e9n peque\u00f1os y medianos comercios, siempre y cuando tengan una sede f\u00edsica. Desde la Direcci\u00f3n de Desarrollo Comercial, Industrial y Agropecuario dependiente del \u00e1rea municipal mencionada antes, explicaron que quienes decidan adherirse, podr\u00e1n elegir cobrar las operaciones realizadas con tarjeta de cr\u00e9dito en un plazo de 60 d\u00edas corridos, con una tasa m\u00e1xima de descuento de 37,79%, o de hasta diez d\u00edas con una tasa m\u00e1xima de 41,31%.<\/p>\n<p>Para registrarse, los comercios interesados deber\u00e1n ingresar al sitio\u00a0<a href=\"https:\/\/autogestion.produccion.gob.ar\/ahora30\">https:\/\/autogestion.produccion.gob.ar\/ahora30<\/a>, acceder con el m\u00e9todo de autenticaci\u00f3n deseado (AFIP Clave Fiscal, Mi Argentina o RENAPER DNI) y completar los datos requeridos. Luego, deber\u00e1n descargar la plantilla con modelo de convenio y suscribirlo, adjuntando el archivo en formato PDF.<\/p>\n<p>Finalmente podr\u00e1n descargar la plantilla con Anexos I (canasta de productos incluidos en el Programa) y II (puntos de venta del establecimiento) e indicar los productos que comercializar\u00e1n, agregando la documentaci\u00f3n complementaria solicitada m\u00e1s adelante por el sitio web junto a una foto del comercio f\u00edsico (de alguna sucursal).<\/p>\n","protected":false},"excerpt":{"rendered":"<p>Puede participar del programa cualquier negocio peque\u00f1o o mediano dedicado al rubro, siempre y cuando tengan una sede f\u00edsica. El plan comenz\u00f3 a regir\u00a0este viernes e incluye\u00a0un congelamiento por 90\u00a0d\u00edas en los precios de heladeras, lavarropas, celulares, televisores y aires de producci\u00f3n nacional. La Secretar\u00eda de Turismo y Desarrollo Productivo de la Municipalidad de Necochea [&hellip;]<\/p>\n","protected":false},"author":3,"featured_media":94548,"comment_status":"closed","ping_status":"closed","sticky":false,"template":"","format":"standard","meta":{"footnotes":""},"categories":[3],"tags":[],"class_list":["post-94547","post","type-post","status-publish","format-standard","has-post-thumbnail","category-masnoticias"],"_links":{"self":[{"href":"https:\/\/primicias2262.com\/noticias\/wp-json\/wp\/v2\/posts\/94547","targetHints":{"allow":["GET"]}}],"collection":[{"href":"https:\/\/primicias2262.com\/noticias\/wp-json\/wp\/v2\/posts"}],"about":[{"href":"https:\/\/primicias2262.com\/noticias\/wp-json\/wp\/v2\/types\/post"}],"author":[{"embeddable":true,"href":"https:\/\/primicias2262.com\/noticias\/wp-json\/wp\/v2\/users\/3"}],"replies":[{"embeddable":true,"href":"https:\/\/primicias2262.com\/noticias\/wp-json\/wp\/v2\/comments?post=94547"}],"version-history":[{"count":0,"href":"https:\/\/primicias2262.com\/noticias\/wp-json\/wp\/v2\/posts\/94547\/revisions"}],"wp:attachment":[{"href":"https:\/\/primicias2262.com\/noticias\/wp-json\/wp\/v2\/media?parent=94547"}],"wp:term":[{"taxonomy":"category","embeddable":true,"href":"https:\/\/primicias2262.com\/noticias\/wp-json\/wp\/v2\/categories?post=94547"},{"taxonomy":"post_tag","embeddable":true,"href":"https:\/\/primicias2262.com\/noticias\/wp-json\/wp\/v2\/tags?post=94547"}],"curies":[{"name":"wp","href":"https:\/\/api.w.org\/{rel}","templated":true}]}}