{"id":94550,"date":"2022-10-22T12:19:20","date_gmt":"2022-10-22T15:19:20","guid":{"rendered":"https:\/\/primicias2262.com\/?p=94550"},"modified":"2022-10-22T12:19:20","modified_gmt":"2022-10-22T15:19:20","slug":"pilar-vitale-es-la-nueva-presidenta-de-la-usina-popular-cooperativa","status":"publish","type":"post","link":"https:\/\/primicias2262.com\/noticias\/pilar-vitale-es-la-nueva-presidenta-de-la-usina-popular-cooperativa\/","title":{"rendered":"Pilar Vitale es la nueva presidenta de la Usina Popular Cooperativa"},"content":{"rendered":"<p>As\u00ed se defini\u00f3 hoy por votaci\u00f3n un\u00e1nime del nuevo Consejo de Administraci\u00f3n que se renov\u00f3 tras la Asamblea Anual Ordinaria de la entidad, luego de la aprobaci\u00f3n de la memoria y balance del ejercicio del a\u00f1o 2021.<\/p>\n<p>Los cargos del nuevo Consejo quedaron distribuidos de la siguiente forma:<br \/>\nPresidenta: Pilar Vitale.<br \/>\nVice presidente: Eugenio Ferrario.<br \/>\nSecretario: C\u00e9sar Arrieta.<br \/>\nPro secretaria: Marta Guariglia.<br \/>\nTesorero: Patricio Garc\u00eda de Arriba.<br \/>\nPro tesorero: Luis Malasissi.<\/p>\n<p>Previamente, en el trascurso de la Asamblea, se eligieron los nuevos consejeros Titulares, consejeros Suplentes y \u00f3rganos de fiscalizaci\u00f3n:<br \/>\nConsejeros Titulares: Patricio Garc\u00eda de Arriba, C\u00e9sar Arrieta y Gonzalo Candau.<br \/>\nConsejeros Suplentes: Marcelo Lasala, N\u00e9stor Plaza y Agostina P\u00e9rez.<br \/>\nS\u00edndico Titular: Alfredo G\u00f3mez.<br \/>\nS\u00edndico Suplente: Cristi\u00e1n Rua.<\/p>\n<p>Tras su nuevo nombramiento, la flamante presidenta, que lleva m\u00e1s de 15 a\u00f1os trabajando en la cooperativa, declar\u00f3 sentirse orgullosa por la responsabilidad encomendada y se comprometi\u00f3 a lograr que la Usina sea un espacio de puertas abiertas para todos los asociados.<\/p>\n<p>\u201cEs fundamental el trabajo en equipo y nosotros hemos logrado consolidar un espacio donde todos conocemos las necesidades que tiene la cooperativa y nos sobran las ganas para sacarla adelante\u201d sostuvo.<\/p>\n<p>Con varios desaf\u00edos por delante, Vitale se convierte en la segunda mujer presidenta en toda la historia de la UPC.<\/p>\n<p>Una transformaci\u00f3n del \u00e1rea de Servicios Sociales, la recuperaci\u00f3n de dudas y el di\u00e1logo permanente con los asociados son algunos de los objetivos planteados por esta nueva gesti\u00f3n.<\/p>\n","protected":false},"excerpt":{"rendered":"<p>As\u00ed se defini\u00f3 hoy por votaci\u00f3n un\u00e1nime del nuevo Consejo de Administraci\u00f3n que se renov\u00f3 tras la Asamblea Anual Ordinaria de la entidad, luego de la aprobaci\u00f3n de la memoria y balance del ejercicio del a\u00f1o 2021. Los cargos del nuevo Consejo quedaron distribuidos de la siguiente forma: Presidenta: Pilar Vitale. Vice presidente: Eugenio Ferrario. [&hellip;]<\/p>\n","protected":false},"author":3,"featured_media":94551,"comment_status":"closed","ping_status":"closed","sticky":false,"template":"","format":"standard","meta":{"footnotes":""},"categories":[3],"tags":[],"class_list":["post-94550","post","type-post","status-publish","format-standard","has-post-thumbnail","category-masnoticias"],"_links":{"self":[{"href":"https:\/\/primicias2262.com\/noticias\/wp-json\/wp\/v2\/posts\/94550","targetHints":{"allow":["GET"]}}],"collection":[{"href":"https:\/\/primicias2262.com\/noticias\/wp-json\/wp\/v2\/posts"}],"about":[{"href":"https:\/\/primicias2262.com\/noticias\/wp-json\/wp\/v2\/types\/post"}],"author":[{"embeddable":true,"href":"https:\/\/primicias2262.com\/noticias\/wp-json\/wp\/v2\/users\/3"}],"replies":[{"embeddable":true,"href":"https:\/\/primicias2262.com\/noticias\/wp-json\/wp\/v2\/comments?post=94550"}],"version-history":[{"count":0,"href":"https:\/\/primicias2262.com\/noticias\/wp-json\/wp\/v2\/posts\/94550\/revisions"}],"wp:attachment":[{"href":"https:\/\/primicias2262.com\/noticias\/wp-json\/wp\/v2\/media?parent=94550"}],"wp:term":[{"taxonomy":"category","embeddable":true,"href":"https:\/\/primicias2262.com\/noticias\/wp-json\/wp\/v2\/categories?post=94550"},{"taxonomy":"post_tag","embeddable":true,"href":"https:\/\/primicias2262.com\/noticias\/wp-json\/wp\/v2\/tags?post=94550"}],"curies":[{"name":"wp","href":"https:\/\/api.w.org\/{rel}","templated":true}]}}