{"id":94553,"date":"2022-10-22T13:45:13","date_gmt":"2022-10-22T16:45:13","guid":{"rendered":"https:\/\/primicias2262.com\/?p=94553"},"modified":"2022-10-22T13:45:13","modified_gmt":"2022-10-22T16:45:13","slug":"kicillof-vendra-el-martes-a-inaugurar-el-jardin-de-infantes-n-908-de-quequen","status":"publish","type":"post","link":"https:\/\/primicias2262.com\/noticias\/kicillof-vendra-el-martes-a-inaugurar-el-jardin-de-infantes-n-908-de-quequen\/","title":{"rendered":"Kicillof vendr\u00e1 el martes a inaugurar el Jard\u00edn de Infantes N\u00b0 908 de Quequ\u00e9n"},"content":{"rendered":"<p>El gobernador bonaerense Axel Kicillof llegar\u00eda a Necochea el pr\u00f3ximo martes 25 de pctubre para participar del acto de inauguraci\u00f3n del nuevo edificio del Jard\u00edn de Infantes N\u00b0 908 \u00abAlmirante Guillermo Brown\u00bb, que se encuentra ubicado en 527 y 522 bis de Quequ\u00e9n.<\/p>\n<p>La obra comenz\u00f3 a ejecutarse en julio de 2021 por parte de la empresa Choix y si bien se demoraron los plazos, las modernas instalaciones son una realidad para esa comunidad educativa, tras una millonaria inversi\u00f3n realizada por el gobierno de la Provincia de Buenos Aires.<\/p>\n<p><a href=\"https:\/\/primicias2262.com\/wp-content\/uploads\/2022\/10\/WhatsApp-Image-2022-10-22-at-1.17.54-PM.jpeg\"><img loading=\"lazy\" decoding=\"async\" class=\"aligncenter size-large wp-image-94555\" src=\"https:\/\/primicias2262.com\/wp-content\/uploads\/2022\/10\/WhatsApp-Image-2022-10-22-at-1.17.54-PM-1024x576.jpeg\" alt=\"\" width=\"696\" height=\"392\" \/><\/a><\/p>\n<p>La visita del gobernador fue confirmada a este medio por la jefa regional de Educaci\u00f3n, Ana Lidia Marincevic, quien precis\u00f3 que el acto de inauguraci\u00f3n se realizar\u00e1 a partir de las 16 y se invit\u00f3 a la comunidad a asistir a partir de las 15.30.<\/p>\n<p>Kicillof estuvo en nuestra ciudad en febrero del a\u00f1o pasado, cuando particip\u00f3 de una reuni\u00f3n en la Secretar\u00eda de Turismo y, entre otras cuestiones, analiz\u00f3 la situaci\u00f3n epidemiol\u00f3gica de nuestro distrito por la pandemia y, posteriormente, particip\u00f3 de una conferencia de prensa junto al intendente Arturo Rojas.<\/p>\n<p>&nbsp;<\/p>\n","protected":false},"excerpt":{"rendered":"<p>El gobernador bonaerense Axel Kicillof llegar\u00eda a Necochea el pr\u00f3ximo martes 25 de pctubre para participar del acto de inauguraci\u00f3n del nuevo edificio del Jard\u00edn de Infantes N\u00b0 908 \u00abAlmirante Guillermo Brown\u00bb, que se encuentra ubicado en 527 y 522 bis de Quequ\u00e9n. La obra comenz\u00f3 a ejecutarse en julio de 2021 por parte de [&hellip;]<\/p>\n","protected":false},"author":3,"featured_media":94557,"comment_status":"closed","ping_status":"closed","sticky":false,"template":"","format":"standard","meta":{"footnotes":""},"categories":[3],"tags":[],"class_list":["post-94553","post","type-post","status-publish","format-standard","has-post-thumbnail","category-masnoticias"],"_links":{"self":[{"href":"https:\/\/primicias2262.com\/noticias\/wp-json\/wp\/v2\/posts\/94553","targetHints":{"allow":["GET"]}}],"collection":[{"href":"https:\/\/primicias2262.com\/noticias\/wp-json\/wp\/v2\/posts"}],"about":[{"href":"https:\/\/primicias2262.com\/noticias\/wp-json\/wp\/v2\/types\/post"}],"author":[{"embeddable":true,"href":"https:\/\/primicias2262.com\/noticias\/wp-json\/wp\/v2\/users\/3"}],"replies":[{"embeddable":true,"href":"https:\/\/primicias2262.com\/noticias\/wp-json\/wp\/v2\/comments?post=94553"}],"version-history":[{"count":0,"href":"https:\/\/primicias2262.com\/noticias\/wp-json\/wp\/v2\/posts\/94553\/revisions"}],"wp:attachment":[{"href":"https:\/\/primicias2262.com\/noticias\/wp-json\/wp\/v2\/media?parent=94553"}],"wp:term":[{"taxonomy":"category","embeddable":true,"href":"https:\/\/primicias2262.com\/noticias\/wp-json\/wp\/v2\/categories?post=94553"},{"taxonomy":"post_tag","embeddable":true,"href":"https:\/\/primicias2262.com\/noticias\/wp-json\/wp\/v2\/tags?post=94553"}],"curies":[{"name":"wp","href":"https:\/\/api.w.org\/{rel}","templated":true}]}}