{"id":94561,"date":"2022-10-22T18:50:34","date_gmt":"2022-10-22T21:50:34","guid":{"rendered":"https:\/\/primicias2262.com\/?p=94561"},"modified":"2022-10-22T18:50:34","modified_gmt":"2022-10-22T21:50:34","slug":"ultimas-tres-semanas-de-la-campana-de-vacunacion-obligatoria","status":"publish","type":"post","link":"https:\/\/primicias2262.com\/noticias\/ultimas-tres-semanas-de-la-campana-de-vacunacion-obligatoria\/","title":{"rendered":"Ultimas tres semanas de la campa\u00f1a de vacunaci\u00f3n obligatoria"},"content":{"rendered":"<p>Hasta el\u00a0<strong>15 de noviembre\u00a0<\/strong>ten\u00e9s tiempo para que tu\u00a0<strong>hijo\/a<\/strong>\u00a0reciba la dosis\u00a0<strong>extra\u00a0<\/strong>de la\u00a0<strong>vacuna Triple Viral y contra la Polio.<\/strong><\/p>\n<p>Es\u00a0<strong>obligatoria\u00a0<\/strong>y\u00a0<strong>pueden hacerlo en cualquier vacunatorio\u00a0<\/strong>de la Provincia\u00a0<strong>sin turno ni orden m\u00e9dica.<\/strong><\/p>\n<p>Para consultar el centro m\u00e1s cercano y conocer m\u00e1s informaci\u00f3n de la campa\u00f1a, ingres\u00e1 a: <strong><a id=\"m_203642903379818345161017840\" href=\"https:\/\/nts.embluemail.com\/p\/cl?data=CokCMUkVbJKR5iATVT4BoMvPImvPtF6W%2BETyz8Ad%2BDO8VU46u2N0Y4e2%2BDGOpbWOvA7f9U4X%2Ffx6DVrd6n7CHdlDKGbRAwFmq2ztrtLFhKI%3D!-!6a4eq6b!-!https%3A%2F%2Fwww.gba.gob.ar%2Fvacunacion%2F%3Futm_source=emBlue%26utm_medium=email%26utm_campaign=COMUNICACION+PUBLICA%26utm_content=Vacunaci%C3%B3n+Segundo+Recordatorio--Quedan+tres+semanas%3A+%C2%A1vamos+a+vacunarnos%21%26utm_term=11082022+Activos--7--none--90-100--ENVIO+SIMPLE\" target=\"_blank\" rel=\"noopener\" data-saferedirecturl=\"https:\/\/www.google.com\/url?q=https:\/\/nts.embluemail.com\/p\/cl?data%3DCokCMUkVbJKR5iATVT4BoMvPImvPtF6W%252BETyz8Ad%252BDO8VU46u2N0Y4e2%252BDGOpbWOvA7f9U4X%252Ffx6DVrd6n7CHdlDKGbRAwFmq2ztrtLFhKI%253D!-!6a4eq6b!-!https%253A%252F%252Fwww.gba.gob.ar%252Fvacunacion%252F%253Futm_source%3DemBlue%2526utm_medium%3Demail%2526utm_campaign%3DCOMUNICACION%2BPUBLICA%2526utm_content%3DVacunaci%25C3%25B3n%2BSegundo%2BRecordatorio--Quedan%2Btres%2Bsemanas%253A%2B%25C2%25A1vamos%2Ba%2Bvacunarnos%2521%2526utm_term%3D11082022%2BActivos--7--none--90-100--ENVIO%2BSIMPLE&amp;source=gmail&amp;ust=1666561481740000&amp;usg=AOvVaw2aJTRf-YLBNXVetsVnfEHm\">\u00a0www.gba.gob.ar\/vacunacion\/<\/a><\/strong><\/p>\n<p>&nbsp;<\/p>\n","protected":false},"excerpt":{"rendered":"<p>Hasta el\u00a015 de noviembre\u00a0ten\u00e9s tiempo para que tu\u00a0hijo\/a\u00a0reciba la dosis\u00a0extra\u00a0de la\u00a0vacuna Triple Viral y contra la Polio. Es\u00a0obligatoria\u00a0y\u00a0pueden hacerlo en cualquier vacunatorio\u00a0de la Provincia\u00a0sin turno ni orden m\u00e9dica. Para consultar el centro m\u00e1s cercano y conocer m\u00e1s informaci\u00f3n de la campa\u00f1a, ingres\u00e1 a: \u00a0www.gba.gob.ar\/vacunacion\/ &nbsp;<\/p>\n","protected":false},"author":3,"featured_media":93992,"comment_status":"closed","ping_status":"closed","sticky":false,"template":"","format":"standard","meta":{"footnotes":""},"categories":[3],"tags":[],"class_list":["post-94561","post","type-post","status-publish","format-standard","has-post-thumbnail","category-masnoticias"],"_links":{"self":[{"href":"https:\/\/primicias2262.com\/noticias\/wp-json\/wp\/v2\/posts\/94561","targetHints":{"allow":["GET"]}}],"collection":[{"href":"https:\/\/primicias2262.com\/noticias\/wp-json\/wp\/v2\/posts"}],"about":[{"href":"https:\/\/primicias2262.com\/noticias\/wp-json\/wp\/v2\/types\/post"}],"author":[{"embeddable":true,"href":"https:\/\/primicias2262.com\/noticias\/wp-json\/wp\/v2\/users\/3"}],"replies":[{"embeddable":true,"href":"https:\/\/primicias2262.com\/noticias\/wp-json\/wp\/v2\/comments?post=94561"}],"version-history":[{"count":0,"href":"https:\/\/primicias2262.com\/noticias\/wp-json\/wp\/v2\/posts\/94561\/revisions"}],"wp:attachment":[{"href":"https:\/\/primicias2262.com\/noticias\/wp-json\/wp\/v2\/media?parent=94561"}],"wp:term":[{"taxonomy":"category","embeddable":true,"href":"https:\/\/primicias2262.com\/noticias\/wp-json\/wp\/v2\/categories?post=94561"},{"taxonomy":"post_tag","embeddable":true,"href":"https:\/\/primicias2262.com\/noticias\/wp-json\/wp\/v2\/tags?post=94561"}],"curies":[{"name":"wp","href":"https:\/\/api.w.org\/{rel}","templated":true}]}}