{"id":94563,"date":"2022-10-22T18:57:55","date_gmt":"2022-10-22T21:57:55","guid":{"rendered":"https:\/\/primicias2262.com\/?p=94563"},"modified":"2022-10-22T18:57:55","modified_gmt":"2022-10-22T21:57:55","slug":"avanza-la-puesta-en-valor-de-la-estacion-de-piscicultura-y-siguen-las-visitas-a-escuelas","status":"publish","type":"post","link":"https:\/\/primicias2262.com\/noticias\/avanza-la-puesta-en-valor-de-la-estacion-de-piscicultura-y-siguen-las-visitas-a-escuelas\/","title":{"rendered":"Avanza la puesta en valor de la estaci\u00f3n de Piscicultura y siguen las visitas a escuelas"},"content":{"rendered":"<p><strong>Mientras el \u00c1rea de Servicios P\u00fablicos intensifica tareas para la reapertura de la estaci\u00f3n en diciembre, los t\u00e9cnicos de Piscicultura contin\u00faan visitando escuelas para brindar charlas sobre la fauna aut\u00f3ctona del R\u00edo Quequ\u00e9n y las tareas de la estaci\u00f3n.<\/strong><\/p>\n<p>Mientras se trabaja en la puesta en valor de manera integral de la Estaci\u00f3n de Piscicultura en vistas a la reapertura del espacio en el venidero mes de diciembre, los t\u00e9cnicos del lugar contin\u00faan yendo a los colegios con las charlas para alumnos y docentes en el marco del programa \u201cPiscicultura te visita\u201d, de la Direcci\u00f3n de Gesti\u00f3n Ambiental, a cargo de Isabel G\u00e9nova.<\/p>\n<p>En lo concerniente al acondicionamiento de la estaci\u00f3n, se trabaja una parte art\u00edstica junto a la Escuela de Artes \u201cOrillas del Quequ\u00e9n\u201d, a trav\u00e9s de los alumnos que componen la c\u00e1tedra de muralismo, quienes realizaron un relevamiento del predio para llevar a cabo una posterior intervenci\u00f3n; y adem\u00e1s la parte estructural con la mano de obra municipal.<\/p>\n<p>Con respecto a esto \u00faltimo, el personal de la Direcci\u00f3n de Servicios P\u00fablicos se encuentra reparando los caminos viejos y deteriorados, con nueva base, construcci\u00f3n de rampas y hormigonado, al tiempo que tambi\u00e9n se hacen trabajos de pintura en zonas de altura y paredones perimetrales. De esa manera, se avanza de forma integral con el objetivo de acompa\u00f1ar a uno de los paisajes m\u00e1s lindos del distrito, como son Las Cascadas, con una estaci\u00f3n de Piscicultura presentable y en buenas condiciones.<\/p>\n<p>Por otra parte, en lo que hace al intercambio interinstitucional desde mediados de a\u00f1o, el programa \u201cPiscicultura te visita\u201d sum\u00f3 una nueva jornada al llegar esta semana a la Escuela Danesa \u201cAlta Mira\u201d, donde los t\u00e9cnicos brindaron una charla sobre la fauna aut\u00f3ctona del R\u00edo Quequ\u00e9n y las diferentes actividades que se realizan en la estaci\u00f3n a lo largo del a\u00f1o.<\/p>\n","protected":false},"excerpt":{"rendered":"<p>Mientras el \u00c1rea de Servicios P\u00fablicos intensifica tareas para la reapertura de la estaci\u00f3n en diciembre, los t\u00e9cnicos de Piscicultura contin\u00faan visitando escuelas para brindar charlas sobre la fauna aut\u00f3ctona del R\u00edo Quequ\u00e9n y las tareas de la estaci\u00f3n. Mientras se trabaja en la puesta en valor de manera integral de la Estaci\u00f3n de Piscicultura [&hellip;]<\/p>\n","protected":false},"author":3,"featured_media":94564,"comment_status":"closed","ping_status":"closed","sticky":false,"template":"","format":"standard","meta":{"footnotes":""},"categories":[3],"tags":[],"class_list":["post-94563","post","type-post","status-publish","format-standard","has-post-thumbnail","category-masnoticias"],"_links":{"self":[{"href":"https:\/\/primicias2262.com\/noticias\/wp-json\/wp\/v2\/posts\/94563","targetHints":{"allow":["GET"]}}],"collection":[{"href":"https:\/\/primicias2262.com\/noticias\/wp-json\/wp\/v2\/posts"}],"about":[{"href":"https:\/\/primicias2262.com\/noticias\/wp-json\/wp\/v2\/types\/post"}],"author":[{"embeddable":true,"href":"https:\/\/primicias2262.com\/noticias\/wp-json\/wp\/v2\/users\/3"}],"replies":[{"embeddable":true,"href":"https:\/\/primicias2262.com\/noticias\/wp-json\/wp\/v2\/comments?post=94563"}],"version-history":[{"count":0,"href":"https:\/\/primicias2262.com\/noticias\/wp-json\/wp\/v2\/posts\/94563\/revisions"}],"wp:attachment":[{"href":"https:\/\/primicias2262.com\/noticias\/wp-json\/wp\/v2\/media?parent=94563"}],"wp:term":[{"taxonomy":"category","embeddable":true,"href":"https:\/\/primicias2262.com\/noticias\/wp-json\/wp\/v2\/categories?post=94563"},{"taxonomy":"post_tag","embeddable":true,"href":"https:\/\/primicias2262.com\/noticias\/wp-json\/wp\/v2\/tags?post=94563"}],"curies":[{"name":"wp","href":"https:\/\/api.w.org\/{rel}","templated":true}]}}