{"id":94583,"date":"2022-10-23T18:40:15","date_gmt":"2022-10-23T21:40:15","guid":{"rendered":"https:\/\/primicias2262.com\/?p=94583"},"modified":"2022-10-23T18:40:15","modified_gmt":"2022-10-23T21:40:15","slug":"carrion-anticipo-que-el-parque-de-diversiones-frente-al-lago-de-los-cisnes-sera-un-lugar-fantastico","status":"publish","type":"post","link":"https:\/\/primicias2262.com\/noticias\/carrion-anticipo-que-el-parque-de-diversiones-frente-al-lago-de-los-cisnes-sera-un-lugar-fantastico\/","title":{"rendered":"Carri\u00f3n anticip\u00f3 que el parque de diversiones frente al Lago de los Cisnes \u201cser\u00e1 un lugar fant\u00e1stico\u201d"},"content":{"rendered":"<p>Si bien reci\u00e9n se est\u00e1 nivelando el predio con m\u00e1quinas, la idea es que est\u00e9 terminado antes de Navidad. \u201cTendr\u00e1 juegos maravillosos para la gente en general, muy lindos y vistosos\u201d, asegur\u00f3 el concesionario.<\/p>\n<p>El Lago de los Cisnes ha vuelto a ser uno de los paseos m\u00e1s pintorescos para los vecinos en la temporada baja y un referente tur\u00edstico durante el vereano, y el concesionario del lugar, Daniel Carri\u00f3n, no solo habl\u00f3 de ello en \u201cVoces de la Ciudad\u201d sino que anticip\u00f3 con entusiasmo el proyecto del parque de diversiones que se llevar\u00e1 a cabo en el corto plazo en el predio de enfrente, que ha sido cedido por la Municipalidad.<\/p>\n<p>En una nota realizada por el periodista Jorge G\u00f3mez, Carri\u00f3n se\u00f1al\u00f3 que \u201ccuando la Municipalidad nos dijo que estaba ese lugar se present\u00f3 un proyecto para generar mejor estacionamiento y agrandar el volumen de superficie para los chicos y las familias, donde vamos a traer un parque de diversiones grande con juegos muy bonitos, y despu\u00e9s se van a poner cuatro containers a un costado con un patio de comidas arriba y se van a agregar ba\u00f1os p\u00fablicos\u201d.<\/p>\n<p>Al igual que el Lago, \u201cel predio ser\u00e1 con entrada libre y gratuita, se van a poner bancos, caminos y juegos como inflables, hamacas y dem\u00e1s\u201d, inform\u00f3 Carri\u00f3n, para acotar que \u201cya empezamos a trabajar con las m\u00e1quinas a aplanar el sector y va a quedar un lugar fant\u00e1stico, creo que antes de Navidad lo podemos tener\u2026 lo que m\u00e1s puede llegar a tardar es el tema de los juegos: la gente que los instalar\u00e1 vendr\u00e1 en 15 d\u00edas para medir todo, realmente se trata de juegos maravillosos para toda la familia en general, muy lindos y vistosos\u201d.<\/p>\n<p>Asimismo, se\u00f1al\u00f3 que \u201cla idea es que durante el a\u00f1o se retiren los juegos importantes y nos dejar\u00e1n otros, m\u00e1s un carrusel que se va a agregar, m\u00e1s lo que aportemos nosotros, porque lo que queremos es que el lugar est\u00e9 abierto durante todo el a\u00f1o\u201d, al tiempo que sobre la temporada que se avecina palpit\u00f3 que \u201cde acuerdo a las reservas que tenemos en los aparts, si bien tenemos solamente cuatro, creo que la temporada va a ser muy buena\u201d.<\/p>\n<p>Por otra parte, se refiri\u00f3 a la gran afluencia de estudiantes a visitar el Lago, tanto de la Provincia con los egresados como de escuelas locales. \u201cDesde el 15 de septiembre al 15 de diciembre vamos a recibir a 6 mil chicos del \u00e1mbito educativo, entre los egresados del programa de Provincia hasta los chicos del \u00e1mbito educativo de la ciudad\u201d.<\/p>\n<p>En en ese contexto revel\u00f3 con felicidad que \u201cestamos recibiendo muchos pedidos de alrededor de la Provincia, adem\u00e1s de los grupos de chicos visitando el Lago y nos llama mucho la atenci\u00f3n que nos llaman muchas escuelas de Mar del Plata para tener visitas guiadas\u201d.<\/p>\n<p>Finalmente, Carri\u00f3n se refiri\u00f3 a la Asociaci\u00f3n Civil \u201cAmigos del Lago\u201d: \u201cDespu\u00e9s de la obra en el lago apareci\u00f3 mucha gente con ganas de ayudar y se nos ocurri\u00f3 armar una asociaci\u00f3n Civil, con un proyecto primario que es hacer frente al mar un edificio para la atenci\u00f3n de animales marinos, como una enfermer\u00eda para la recuperaci\u00f3n de animales\u2026 es un proyecto que venimos trabajando con gente de Mar del Plata\u201d.<\/p>\n","protected":false},"excerpt":{"rendered":"<p>Si bien reci\u00e9n se est\u00e1 nivelando el predio con m\u00e1quinas, la idea es que est\u00e9 terminado antes de Navidad. \u201cTendr\u00e1 juegos maravillosos para la gente en general, muy lindos y vistosos\u201d, asegur\u00f3 el concesionario. El Lago de los Cisnes ha vuelto a ser uno de los paseos m\u00e1s pintorescos para los vecinos en la temporada [&hellip;]<\/p>\n","protected":false},"author":3,"featured_media":70556,"comment_status":"closed","ping_status":"closed","sticky":false,"template":"","format":"standard","meta":{"footnotes":""},"categories":[3],"tags":[],"class_list":["post-94583","post","type-post","status-publish","format-standard","has-post-thumbnail","category-masnoticias"],"_links":{"self":[{"href":"https:\/\/primicias2262.com\/noticias\/wp-json\/wp\/v2\/posts\/94583","targetHints":{"allow":["GET"]}}],"collection":[{"href":"https:\/\/primicias2262.com\/noticias\/wp-json\/wp\/v2\/posts"}],"about":[{"href":"https:\/\/primicias2262.com\/noticias\/wp-json\/wp\/v2\/types\/post"}],"author":[{"embeddable":true,"href":"https:\/\/primicias2262.com\/noticias\/wp-json\/wp\/v2\/users\/3"}],"replies":[{"embeddable":true,"href":"https:\/\/primicias2262.com\/noticias\/wp-json\/wp\/v2\/comments?post=94583"}],"version-history":[{"count":0,"href":"https:\/\/primicias2262.com\/noticias\/wp-json\/wp\/v2\/posts\/94583\/revisions"}],"wp:attachment":[{"href":"https:\/\/primicias2262.com\/noticias\/wp-json\/wp\/v2\/media?parent=94583"}],"wp:term":[{"taxonomy":"category","embeddable":true,"href":"https:\/\/primicias2262.com\/noticias\/wp-json\/wp\/v2\/categories?post=94583"},{"taxonomy":"post_tag","embeddable":true,"href":"https:\/\/primicias2262.com\/noticias\/wp-json\/wp\/v2\/tags?post=94583"}],"curies":[{"name":"wp","href":"https:\/\/api.w.org\/{rel}","templated":true}]}}