{"id":94591,"date":"2022-10-23T19:41:54","date_gmt":"2022-10-23T22:41:54","guid":{"rendered":"https:\/\/primicias2262.com\/?p=94591"},"modified":"2022-10-23T19:41:54","modified_gmt":"2022-10-23T22:41:54","slug":"la-campana-de-vacunacion-antirrabica-retorna-a-quequen","status":"publish","type":"post","link":"https:\/\/primicias2262.com\/noticias\/la-campana-de-vacunacion-antirrabica-retorna-a-quequen\/","title":{"rendered":"La campa\u00f1a de vacunaci\u00f3n antirr\u00e1bica retorna a Quequ\u00e9n"},"content":{"rendered":"<div class=\"wp-block-media-text is-stacked-on-mobile is-vertically-aligned-top\">\n<div class=\"wp-block-media-text__content\">\n<p>La campa\u00f1a de vacunaci\u00f3n antirr\u00e1bica itinerante, que impulsa el municipio a trav\u00e9s de la Direcci\u00f3n de Bromatolog\u00eda e Higiene, continuar\u00e1 este martes 25 de octubre en el Centro de Salud del Barrio 6 Esquinas, en calle 526 al 1260.<\/p>\n<p>El operativo retorna a Quequ\u00e9n luego de una jornada realizada en las puertas de la Delegaci\u00f3n la semana pasada, teniendo en cuenta la gran demanda de esa zona y con el objetivo habitual de seguir inmunizando a la mayor cantidad de mascotas en el distrito, entendiendo a esta como la principal medida preventiva\u00a0para evitar la transmisi\u00f3n de la enfermedad a las personas.<\/p>\n<p>Al respecto, desde la dependencia que funciona bajo la \u00f3rbita de la Secretar\u00eda de Salud de la comuna detallaron que el personal veterinario estar\u00e1 inoculando a las mascotas de los vecinos que se acerquen a esta sede en el horario de 9 a 12.<\/p>\n<p><a href=\"https:\/\/primicias2262.com\/wp-content\/uploads\/2022\/10\/Placa-5.jpeg\"><img loading=\"lazy\" decoding=\"async\" class=\"alignleft size-medium wp-image-94592\" src=\"https:\/\/primicias2262.com\/wp-content\/uploads\/2022\/10\/Placa-5-300x300.jpeg\" alt=\"\" width=\"300\" height=\"300\" \/><\/a><\/p>\n<p>Para ello, recordaron que la vacuna contra la rabia debe aplicarse a perros y gatos con buen estado de salud a partir de los cinco (5) meses de edad, luego de lo cual deber\u00e1n revacunarse anualmente.<\/p>\n<\/div>\n<\/div>\n<p>Siempre es v\u00e1lido recalcar que la rabia es una enfermedad viral que afecta al sistema nervioso de los mam\u00edferos, incluyendo a los seres humanos, y que en la gran mayor\u00eda de los casos presenta desenlace fatal. Solo es prevenible a trav\u00e9s de la vacunaci\u00f3n, siendo los perros y los gatos los principales transmisores del virus en nuestro pa\u00eds, aunque tambi\u00e9n pueden serlo algunos animales silvestres como los murci\u00e9lagos.<\/p>\n","protected":false},"excerpt":{"rendered":"<p>La campa\u00f1a de vacunaci\u00f3n antirr\u00e1bica itinerante, que impulsa el municipio a trav\u00e9s de la Direcci\u00f3n de Bromatolog\u00eda e Higiene, continuar\u00e1 este martes 25 de octubre en el Centro de Salud del Barrio 6 Esquinas, en calle 526 al 1260. El operativo retorna a Quequ\u00e9n luego de una jornada realizada en las puertas de la Delegaci\u00f3n [&hellip;]<\/p>\n","protected":false},"author":3,"featured_media":94593,"comment_status":"closed","ping_status":"closed","sticky":false,"template":"","format":"standard","meta":{"footnotes":""},"categories":[3],"tags":[],"class_list":["post-94591","post","type-post","status-publish","format-standard","has-post-thumbnail","category-masnoticias"],"_links":{"self":[{"href":"https:\/\/primicias2262.com\/noticias\/wp-json\/wp\/v2\/posts\/94591","targetHints":{"allow":["GET"]}}],"collection":[{"href":"https:\/\/primicias2262.com\/noticias\/wp-json\/wp\/v2\/posts"}],"about":[{"href":"https:\/\/primicias2262.com\/noticias\/wp-json\/wp\/v2\/types\/post"}],"author":[{"embeddable":true,"href":"https:\/\/primicias2262.com\/noticias\/wp-json\/wp\/v2\/users\/3"}],"replies":[{"embeddable":true,"href":"https:\/\/primicias2262.com\/noticias\/wp-json\/wp\/v2\/comments?post=94591"}],"version-history":[{"count":0,"href":"https:\/\/primicias2262.com\/noticias\/wp-json\/wp\/v2\/posts\/94591\/revisions"}],"wp:attachment":[{"href":"https:\/\/primicias2262.com\/noticias\/wp-json\/wp\/v2\/media?parent=94591"}],"wp:term":[{"taxonomy":"category","embeddable":true,"href":"https:\/\/primicias2262.com\/noticias\/wp-json\/wp\/v2\/categories?post=94591"},{"taxonomy":"post_tag","embeddable":true,"href":"https:\/\/primicias2262.com\/noticias\/wp-json\/wp\/v2\/tags?post=94591"}],"curies":[{"name":"wp","href":"https:\/\/api.w.org\/{rel}","templated":true}]}}