{"id":94609,"date":"2022-10-23T21:21:05","date_gmt":"2022-10-24T00:21:05","guid":{"rendered":"https:\/\/primicias2262.com\/?p=94609"},"modified":"2022-10-23T21:21:05","modified_gmt":"2022-10-24T00:21:05","slug":"la-playa-otra-vez-se-tino-de-azul-y-oro-tras-la-obtencion-de-la-liga-profesional","status":"publish","type":"post","link":"https:\/\/primicias2262.com\/noticias\/la-playa-otra-vez-se-tino-de-azul-y-oro-tras-la-obtencion-de-la-liga-profesional\/","title":{"rendered":"La playa otra vez se ti\u00f1\u00f3 de azul y oro tras la obtenci\u00f3n de la Liga Profesional"},"content":{"rendered":"<p>La avenida 2 fue otra vez el epicentro de los festejos del pueblo \u00abxeneise\u00bb, luego de que Boca empatara 2 a 2 con Independiente y obtuviera su t\u00edtulo n\u00famero 73 en su rica historia, tras la \u00abmano\u00bb de Armani y la ejemplar definici\u00f3n de un torneo que seguramente quedar\u00e1 en la historia del f\u00fatbol argentino.<\/p>\n<p>En la previa del Mundial, los simpatizantes de Boca se congregaron masivamente en la Villa balnearia tras festejar ruidosamente en las caravanas de veh\u00edculos que se vieron en las distintas calles ni bien termin\u00f3 el encuentro.<\/p>\n<p><a href=\"https:\/\/primicias2262.com\/wp-content\/uploads\/2022\/10\/WhatsApp-Image-2022-10-23-at-9.10.39-PM.jpeg\"><img loading=\"lazy\" decoding=\"async\" class=\"aligncenter size-full wp-image-94610\" src=\"https:\/\/primicias2262.com\/wp-content\/uploads\/2022\/10\/WhatsApp-Image-2022-10-23-at-9.10.39-PM.jpeg\" alt=\"\" width=\"720\" height=\"540\" \/><\/a><\/p>\n<p>Aunque todav\u00eda los hinchas del xeneises tienen la oportunidad de festejar otros dos t\u00edtulos hasta el pr\u00f3ximo 6 de noviembre.<\/p>\n","protected":false},"excerpt":{"rendered":"<p>La avenida 2 fue otra vez el epicentro de los festejos del pueblo \u00abxeneise\u00bb, luego de que Boca empatara 2 a 2 con Independiente y obtuviera su t\u00edtulo n\u00famero 73 en su rica historia, tras la \u00abmano\u00bb de Armani y la ejemplar definici\u00f3n de un torneo que seguramente quedar\u00e1 en la historia del f\u00fatbol argentino. [&hellip;]<\/p>\n","protected":false},"author":3,"featured_media":94611,"comment_status":"closed","ping_status":"closed","sticky":false,"template":"","format":"standard","meta":{"footnotes":""},"categories":[3],"tags":[],"class_list":["post-94609","post","type-post","status-publish","format-standard","has-post-thumbnail","category-masnoticias"],"_links":{"self":[{"href":"https:\/\/primicias2262.com\/noticias\/wp-json\/wp\/v2\/posts\/94609","targetHints":{"allow":["GET"]}}],"collection":[{"href":"https:\/\/primicias2262.com\/noticias\/wp-json\/wp\/v2\/posts"}],"about":[{"href":"https:\/\/primicias2262.com\/noticias\/wp-json\/wp\/v2\/types\/post"}],"author":[{"embeddable":true,"href":"https:\/\/primicias2262.com\/noticias\/wp-json\/wp\/v2\/users\/3"}],"replies":[{"embeddable":true,"href":"https:\/\/primicias2262.com\/noticias\/wp-json\/wp\/v2\/comments?post=94609"}],"version-history":[{"count":0,"href":"https:\/\/primicias2262.com\/noticias\/wp-json\/wp\/v2\/posts\/94609\/revisions"}],"wp:attachment":[{"href":"https:\/\/primicias2262.com\/noticias\/wp-json\/wp\/v2\/media?parent=94609"}],"wp:term":[{"taxonomy":"category","embeddable":true,"href":"https:\/\/primicias2262.com\/noticias\/wp-json\/wp\/v2\/categories?post=94609"},{"taxonomy":"post_tag","embeddable":true,"href":"https:\/\/primicias2262.com\/noticias\/wp-json\/wp\/v2\/tags?post=94609"}],"curies":[{"name":"wp","href":"https:\/\/api.w.org\/{rel}","templated":true}]}}