{"id":94613,"date":"2022-10-24T12:45:41","date_gmt":"2022-10-24T15:45:41","guid":{"rendered":"https:\/\/primicias2262.com\/?p=94613"},"modified":"2022-10-24T12:45:41","modified_gmt":"2022-10-24T15:45:41","slug":"se-conocio-el-programa-de-la-jornada-de-cuidados-humanizos-y-seguridad-para-el-paciente","status":"publish","type":"post","link":"https:\/\/primicias2262.com\/noticias\/se-conocio-el-programa-de-la-jornada-de-cuidados-humanizos-y-seguridad-para-el-paciente\/","title":{"rendered":"Se conoci\u00f3 el programa de la Jornada de Cuidados Humanizados y Seguridad para el Paciente"},"content":{"rendered":"<p>El Instituto de Estudios Superiores R\u00edo Quequ\u00e9n dio a conocer los temas que se expondr\u00e1n durante la Jornada de Cuidados Humanizados y Seguridad para el Paciente, que se desarrollar\u00e1 el pr\u00f3ximo viernes 28 de octubre de 15 a 18 en sus instalaciones de avenida 58 y calle 51.<\/p>\n<p>A las 15, la apertura estar\u00e1 a cargo de la Lic. Marcela Abete quien presentar\u00e1 la jornada y a quienes disertar\u00e1n posteriormente.<\/p>\n<p>De 15.30 a 17.30 se desarrollar\u00e1 el siguiente temario:<\/p>\n<p>1) \u00abEnfoque sist\u00e9mico y las 6 metas de la seguridad del paciente\u00bb . A cargo de la Dra. Vanesa Echeverry. (Miembro de Femeba Inspire Simulaci\u00f3n -La Plata).<\/p>\n<p>2)\u00bbSeguridad del paciente y cultura del cuidado\u00bb. A cargo de la Lic. Claudia Vaccaroni ( Vicepresidente de la AAPSE. Miembro del Departamento de docencia de la Cl\u00ednica 25 de Mayo -Mar del Plata).<\/p>\n<p>3) \u00abEl rol de enfermer\u00eda en la seguridad del paciente\u00bb. A cargo de la\u00a0 Lic. Lorena Yesica Rodriguez. ( docente del Instituto Facultar -CABA).<\/p>\n<p>4)\u00bbCuidados humanizados a flor de piel\u00bb . A cargo de la Lic. Mar\u00eda Romol\u00ed (Especialista en cuidados de heridas. Referente de Convatec).<\/p>\n<p>5) \u00abCuidados humanizados al final de la vida\u00bb .A cargo de la Lic. \u00c9tica Priore (Asesora de la Unidad de Cuidados paliativos del Hospital San Martin &#8211; La Plata).<\/p>\n<p>Ideas fuerza de las conferencias y moderadora Lic. Silvia Eliopulos (docente del Instituto de Estudios Superiores R\u00edo Quequ\u00e9n).<\/p>\n<p>18 hs. Cierre con autoridades municipales y de instituciones participantes.<\/p>\n<p>&nbsp;<\/p>\n<p>&nbsp;<\/p>\n","protected":false},"excerpt":{"rendered":"<p>El Instituto de Estudios Superiores R\u00edo Quequ\u00e9n dio a conocer los temas que se expondr\u00e1n durante la Jornada de Cuidados Humanizados y Seguridad para el Paciente, que se desarrollar\u00e1 el pr\u00f3ximo viernes 28 de octubre de 15 a 18 en sus instalaciones de avenida 58 y calle 51. A las 15, la apertura estar\u00e1 a [&hellip;]<\/p>\n","protected":false},"author":3,"featured_media":94456,"comment_status":"closed","ping_status":"closed","sticky":false,"template":"","format":"standard","meta":{"footnotes":""},"categories":[3],"tags":[],"class_list":["post-94613","post","type-post","status-publish","format-standard","has-post-thumbnail","category-masnoticias"],"_links":{"self":[{"href":"https:\/\/primicias2262.com\/noticias\/wp-json\/wp\/v2\/posts\/94613","targetHints":{"allow":["GET"]}}],"collection":[{"href":"https:\/\/primicias2262.com\/noticias\/wp-json\/wp\/v2\/posts"}],"about":[{"href":"https:\/\/primicias2262.com\/noticias\/wp-json\/wp\/v2\/types\/post"}],"author":[{"embeddable":true,"href":"https:\/\/primicias2262.com\/noticias\/wp-json\/wp\/v2\/users\/3"}],"replies":[{"embeddable":true,"href":"https:\/\/primicias2262.com\/noticias\/wp-json\/wp\/v2\/comments?post=94613"}],"version-history":[{"count":0,"href":"https:\/\/primicias2262.com\/noticias\/wp-json\/wp\/v2\/posts\/94613\/revisions"}],"wp:attachment":[{"href":"https:\/\/primicias2262.com\/noticias\/wp-json\/wp\/v2\/media?parent=94613"}],"wp:term":[{"taxonomy":"category","embeddable":true,"href":"https:\/\/primicias2262.com\/noticias\/wp-json\/wp\/v2\/categories?post=94613"},{"taxonomy":"post_tag","embeddable":true,"href":"https:\/\/primicias2262.com\/noticias\/wp-json\/wp\/v2\/tags?post=94613"}],"curies":[{"name":"wp","href":"https:\/\/api.w.org\/{rel}","templated":true}]}}