{"id":94628,"date":"2022-10-24T13:29:13","date_gmt":"2022-10-24T16:29:13","guid":{"rendered":"https:\/\/primicias2262.com\/?p=94628"},"modified":"2022-10-24T13:29:13","modified_gmt":"2022-10-24T16:29:13","slug":"se-levanto-el-paro-de-la-uta-y-el-servicios-de-micros-urbanos-sera-normal","status":"publish","type":"post","link":"https:\/\/primicias2262.com\/noticias\/se-levanto-el-paro-de-la-uta-y-el-servicios-de-micros-urbanos-sera-normal\/","title":{"rendered":"Se levant\u00f3 el paro de la  UTA y el servicios de micros urbanos ser\u00e1 normal"},"content":{"rendered":"<p>\u00abQueda sin efecto el paro de 72 horas de afiliados a la UTA\u00bb. Fue la respuesta obtenida este mediod\u00eda de lunes, de parte del delegado del gremio en Necochea, Javier Sosa, habida cuenta la anunciada medida de fuerza que estaba prevista realizar desde la 0 hora de ma\u00f1ana martes hasta las 24 del venidero jueves.<\/p>\n<p>Vista esta circunstancia, la presunta soluci\u00f3n -se est\u00e1 a la espera del comunicado oficial de la UTA- al reclamo surgido del sector, se levant\u00f3 el citado paro de actividades y por ende la prestaci\u00f3n del transporte p\u00fablico de pasajeros en Necochea y Quequ\u00e9n se llevar\u00e1 a cabo con normalidad.<\/p>\n<p>El ministro de Econom\u00eda,<b>\u00a0Sergio Massa<\/b>, ofreci\u00f3 este lunes elevar a<b>\u00a048.000 millones<\/b>\u00a0las partidas previstas para subsidiar este a\u00f1o el transporte de pasajeros en el interior del pa\u00eds y as\u00ed la<b>\u00a0Uni\u00f3n Tranviarios Automotor (UTA)<\/b>\u00a0comprometi\u00f3 a levantar el paro previsto para este martes.<\/p>\n<p>Seg\u00fan informaron fuentes gubernamentales, Massa recibi\u00f3 a los representantes de la UTA y de las c\u00e1maras del interior del pa\u00eds en la sede del Ministerio de Transporte.<\/p>\n<p>\u201cLa UTA sali\u00f3 de la reuni\u00f3n con el compromiso de levantar el paro luego de que se lograr\u00e1 La ampliaci\u00f3n del fondo compensador al interior por 2 mil millones, pasando de 46.000 a 48.000 millones\u201d, precisaron en el gobierno nacional.<\/p>\n<p>En tanto, el titular de la Uni\u00f3n Tranviarios Automotor (UTA), Roberto Fern\u00e1ndez, asegur\u00f3, en di\u00e1logo con Cadena 3, confirm\u00f3 que se alcanz\u00f3 un acuerdo y se dej\u00f3 sin efecto la medida de fuerza.<\/p>\n<p>\u201cSergio agreg\u00f3 2000 millones m\u00e1s, quiere decir que hay 10.000 millones para entregarle a las provincias para el pago de todos los gobernadores, si falta una diferencia, pondr\u00e1n gobernadores\u201d, remarc\u00f3 el gremialista.<\/p>\n","protected":false},"excerpt":{"rendered":"<p>\u00abQueda sin efecto el paro de 72 horas de afiliados a la UTA\u00bb. Fue la respuesta obtenida este mediod\u00eda de lunes, de parte del delegado del gremio en Necochea, Javier Sosa, habida cuenta la anunciada medida de fuerza que estaba prevista realizar desde la 0 hora de ma\u00f1ana martes hasta las 24 del venidero jueves. [&hellip;]<\/p>\n","protected":false},"author":3,"featured_media":77142,"comment_status":"closed","ping_status":"closed","sticky":false,"template":"","format":"standard","meta":{"footnotes":""},"categories":[3],"tags":[],"class_list":["post-94628","post","type-post","status-publish","format-standard","has-post-thumbnail","category-masnoticias"],"_links":{"self":[{"href":"https:\/\/primicias2262.com\/noticias\/wp-json\/wp\/v2\/posts\/94628","targetHints":{"allow":["GET"]}}],"collection":[{"href":"https:\/\/primicias2262.com\/noticias\/wp-json\/wp\/v2\/posts"}],"about":[{"href":"https:\/\/primicias2262.com\/noticias\/wp-json\/wp\/v2\/types\/post"}],"author":[{"embeddable":true,"href":"https:\/\/primicias2262.com\/noticias\/wp-json\/wp\/v2\/users\/3"}],"replies":[{"embeddable":true,"href":"https:\/\/primicias2262.com\/noticias\/wp-json\/wp\/v2\/comments?post=94628"}],"version-history":[{"count":0,"href":"https:\/\/primicias2262.com\/noticias\/wp-json\/wp\/v2\/posts\/94628\/revisions"}],"wp:attachment":[{"href":"https:\/\/primicias2262.com\/noticias\/wp-json\/wp\/v2\/media?parent=94628"}],"wp:term":[{"taxonomy":"category","embeddable":true,"href":"https:\/\/primicias2262.com\/noticias\/wp-json\/wp\/v2\/categories?post=94628"},{"taxonomy":"post_tag","embeddable":true,"href":"https:\/\/primicias2262.com\/noticias\/wp-json\/wp\/v2\/tags?post=94628"}],"curies":[{"name":"wp","href":"https:\/\/api.w.org\/{rel}","templated":true}]}}