{"id":94633,"date":"2022-10-24T18:40:17","date_gmt":"2022-10-24T21:40:17","guid":{"rendered":"https:\/\/primicias2262.com\/?p=94633"},"modified":"2022-10-24T18:40:17","modified_gmt":"2022-10-24T21:40:17","slug":"el-teatro-municipal-se-abrio-a-la-continuidad-del-11o-encuentro-juvenil","status":"publish","type":"post","link":"https:\/\/primicias2262.com\/noticias\/el-teatro-municipal-se-abrio-a-la-continuidad-del-11o-encuentro-juvenil\/","title":{"rendered":"El Teatro Municipal se abri\u00f3 a la continuidad del 11\u00ba Encuentro Juvenil"},"content":{"rendered":"<p><strong>\u201cEst\u00e1 muy bueno acercar a nuestros j\u00f3venes de escuelas p\u00fablicas y privadas a este encuentro que viene de hace tantos a\u00f1os\u201d, se\u00f1al\u00f3 Arturo Rojas durante las palabras que dirigi\u00f3 en la primera jornada desarrollada en el Teatro \u201cLuis Sandrini\u201d.<\/strong><\/p>\n<p>Luego de su inicio en septiembre con una agenda de presentaciones en las localidades del interior del distrito, el 11\u00ba Encuentro Juvenil de Teatro, que ha sido declarado de Inter\u00e9s Municipal, contin\u00faa con su desarrollo en la cabecera del partido desde este lunes en el Teatro Municipal \u201cLuis Sandrini\u201d, donde se presentar\u00e1n m\u00e1s de 60 obras a lo largo de la semana, con la participaci\u00f3n de m\u00e1s de 3 mil alumnos. En la apertura, estuvo presente el intendente Arturo Rojas.<\/p>\n<p>En el transcurso de esta primera jornada en la sala de calle 54, ante la presencia de cientos de estudiantes el Intendente fue invitado a dirigir unas palabras, momento en que destac\u00f3 que \u201cquiero felicitar a los organizadores y a los profesores por esta actividad tan importante que se lleva adelante\u201d, y a su vez \u201cponernos a disposici\u00f3n en lo que podamos colaborar desde el municipio\u201d.<\/p>\n<p>\u201cEst\u00e1 muy bueno acercar a nuestros j\u00f3venes de escuelas p\u00fablicas y privadas a este encuentro que viene de hace tantos a\u00f1os, por eso el aplauso y las felicitaciones es para todos los chicos que est\u00e1n participando y para los organizadores y profes\u201d, insisti\u00f3 el jefe comunal, quien estuvo acompa\u00f1ado de la secretaria de Desarrollo Humano, Sandra Antenucci; el secretario de Turismo y Desarrollo productivo, Mat\u00edas Sierra; la presidenta del Consejo Escolar, Silvina Jensen; y los directores de Cultura y Educaci\u00f3n, Juan Gamba y Mariela Cellerino, respectivamente.<\/p>\n<p><a href=\"https:\/\/primicias2262.com\/wp-content\/uploads\/2022\/10\/Placa-1-2.jpeg\"><img loading=\"lazy\" decoding=\"async\" class=\"aligncenter size-full wp-image-94634\" src=\"https:\/\/primicias2262.com\/wp-content\/uploads\/2022\/10\/Placa-1-2.jpeg\" alt=\"\" width=\"904\" height=\"1280\" \/><\/a><\/p>\n<p><a href=\"https:\/\/primicias2262.com\/wp-content\/uploads\/2022\/10\/Placa-2-1.jpeg\"><img loading=\"lazy\" decoding=\"async\" class=\"aligncenter size-full wp-image-94635\" src=\"https:\/\/primicias2262.com\/wp-content\/uploads\/2022\/10\/Placa-2-1.jpeg\" alt=\"\" width=\"904\" height=\"1280\" \/><\/a><\/p>\n","protected":false},"excerpt":{"rendered":"<p>\u201cEst\u00e1 muy bueno acercar a nuestros j\u00f3venes de escuelas p\u00fablicas y privadas a este encuentro que viene de hace tantos a\u00f1os\u201d, se\u00f1al\u00f3 Arturo Rojas durante las palabras que dirigi\u00f3 en la primera jornada desarrollada en el Teatro \u201cLuis Sandrini\u201d. Luego de su inicio en septiembre con una agenda de presentaciones en las localidades del interior [&hellip;]<\/p>\n","protected":false},"author":3,"featured_media":94636,"comment_status":"closed","ping_status":"closed","sticky":false,"template":"","format":"standard","meta":{"footnotes":""},"categories":[3],"tags":[],"class_list":["post-94633","post","type-post","status-publish","format-standard","has-post-thumbnail","category-masnoticias"],"_links":{"self":[{"href":"https:\/\/primicias2262.com\/noticias\/wp-json\/wp\/v2\/posts\/94633","targetHints":{"allow":["GET"]}}],"collection":[{"href":"https:\/\/primicias2262.com\/noticias\/wp-json\/wp\/v2\/posts"}],"about":[{"href":"https:\/\/primicias2262.com\/noticias\/wp-json\/wp\/v2\/types\/post"}],"author":[{"embeddable":true,"href":"https:\/\/primicias2262.com\/noticias\/wp-json\/wp\/v2\/users\/3"}],"replies":[{"embeddable":true,"href":"https:\/\/primicias2262.com\/noticias\/wp-json\/wp\/v2\/comments?post=94633"}],"version-history":[{"count":0,"href":"https:\/\/primicias2262.com\/noticias\/wp-json\/wp\/v2\/posts\/94633\/revisions"}],"wp:attachment":[{"href":"https:\/\/primicias2262.com\/noticias\/wp-json\/wp\/v2\/media?parent=94633"}],"wp:term":[{"taxonomy":"category","embeddable":true,"href":"https:\/\/primicias2262.com\/noticias\/wp-json\/wp\/v2\/categories?post=94633"},{"taxonomy":"post_tag","embeddable":true,"href":"https:\/\/primicias2262.com\/noticias\/wp-json\/wp\/v2\/tags?post=94633"}],"curies":[{"name":"wp","href":"https:\/\/api.w.org\/{rel}","templated":true}]}}