{"id":94639,"date":"2022-10-24T18:45:10","date_gmt":"2022-10-24T21:45:10","guid":{"rendered":"https:\/\/primicias2262.com\/?p=94639"},"modified":"2022-10-24T18:45:10","modified_gmt":"2022-10-24T21:45:10","slug":"ana-prada-presentara-su-cuarto-disco-solista-en-el-centro-cultural","status":"publish","type":"post","link":"https:\/\/primicias2262.com\/noticias\/ana-prada-presentara-su-cuarto-disco-solista-en-el-centro-cultural\/","title":{"rendered":"Ana Prada presentar\u00e1 su cuarto disco solista en el Centro Cultural"},"content":{"rendered":"<p>La artista rioplatense, <strong>Ana Prada<\/strong>, presentar\u00e1 su cuarto disco solista \u201cNo\u201d, el pr\u00f3ximo <strong>domingo 30 de octubre<\/strong>, a las <strong>21:00 horas<\/strong> en el auditorio del Centro Cultural Necochea Biblioteca Popular Andr\u00e9s Ferreyra (CCN\/BPAF), ubicado en calle 54 entre 61 y 63. Las entradas se encuentran a la venta en la sede de la instituci\u00f3n de 14:00 a 20:00 horas.<\/p>\n<p>En \u201cNo\u201d, la artista reafirma su personalidad y su compromiso, reivindicando al \u201cno\u201d como una condensaci\u00f3n de dudas, aceptaci\u00f3n y revoluci\u00f3n en la b\u00fasqueda y definici\u00f3n de nuevas fronteras.<\/p>\n<p>Ana Prada comenz\u00f3 su carrera art\u00edstica como int\u00e9rprete a fines de los 90. A partir de 2006 comenz\u00f3 a componer canciones propias, inscribi\u00e9ndose dentro del folclore latinoamericano rioplatense con influencias de ritmos contempor\u00e1neos.<\/p>\n<p>Con sus tres discos solistas \u201cSoy sola\u201d \u201cSoy pecadora\u201d y \u201csoy Otra\u201d, Prada se hizo un lugar en la historia de la canci\u00f3n iberoamericana.<\/p>\n<p>En el nuevo trabajo que ser\u00e1 presentado en Necochea, logra una sonoridad contempor\u00e1nea y cl\u00e1sica, interpretada musicalmente por Pedro Alemany, Julio Cobelli, Pata Kramer, Juan de Benedictis, Totey Nu\u00f1ez, Ger\u00f3nimo de Le\u00f3n, Ariel Polenta y Pablo Gonz\u00e1lez Sarre. Adem\u00e1s, lo enriquece con las voces y el talento de Jorge Drexler en \u201cPalabras de amor\u201d y un d\u00fao junto a Natalia Oreiro en \u201cNo hay verdades\u201d.<\/p>\n<p>Fue grabado en Uruguay, en el estudio Manzana-Solar con la producci\u00f3n art\u00edstica de Pedro Alemany y masterizado en Nueva York en The Workshop NYC por Alex Psaroudakis.<\/p>\n","protected":false},"excerpt":{"rendered":"<p>La artista rioplatense, Ana Prada, presentar\u00e1 su cuarto disco solista \u201cNo\u201d, el pr\u00f3ximo domingo 30 de octubre, a las 21:00 horas en el auditorio del Centro Cultural Necochea Biblioteca Popular Andr\u00e9s Ferreyra (CCN\/BPAF), ubicado en calle 54 entre 61 y 63. Las entradas se encuentran a la venta en la sede de la instituci\u00f3n de [&hellip;]<\/p>\n","protected":false},"author":3,"featured_media":94640,"comment_status":"closed","ping_status":"closed","sticky":false,"template":"","format":"standard","meta":{"footnotes":""},"categories":[3],"tags":[],"class_list":["post-94639","post","type-post","status-publish","format-standard","has-post-thumbnail","category-masnoticias"],"_links":{"self":[{"href":"https:\/\/primicias2262.com\/noticias\/wp-json\/wp\/v2\/posts\/94639","targetHints":{"allow":["GET"]}}],"collection":[{"href":"https:\/\/primicias2262.com\/noticias\/wp-json\/wp\/v2\/posts"}],"about":[{"href":"https:\/\/primicias2262.com\/noticias\/wp-json\/wp\/v2\/types\/post"}],"author":[{"embeddable":true,"href":"https:\/\/primicias2262.com\/noticias\/wp-json\/wp\/v2\/users\/3"}],"replies":[{"embeddable":true,"href":"https:\/\/primicias2262.com\/noticias\/wp-json\/wp\/v2\/comments?post=94639"}],"version-history":[{"count":0,"href":"https:\/\/primicias2262.com\/noticias\/wp-json\/wp\/v2\/posts\/94639\/revisions"}],"wp:attachment":[{"href":"https:\/\/primicias2262.com\/noticias\/wp-json\/wp\/v2\/media?parent=94639"}],"wp:term":[{"taxonomy":"category","embeddable":true,"href":"https:\/\/primicias2262.com\/noticias\/wp-json\/wp\/v2\/categories?post=94639"},{"taxonomy":"post_tag","embeddable":true,"href":"https:\/\/primicias2262.com\/noticias\/wp-json\/wp\/v2\/tags?post=94639"}],"curies":[{"name":"wp","href":"https:\/\/api.w.org\/{rel}","templated":true}]}}