{"id":94642,"date":"2022-10-24T18:52:17","date_gmt":"2022-10-24T21:52:17","guid":{"rendered":"https:\/\/primicias2262.com\/?p=94642"},"modified":"2022-10-24T18:52:17","modified_gmt":"2022-10-24T21:52:17","slug":"obra-publica-furno-hablo-de-lo-que-se-completo-y-lo-que-esta-en-ejecucion","status":"publish","type":"post","link":"https:\/\/primicias2262.com\/noticias\/obra-publica-furno-hablo-de-lo-que-se-completo-y-lo-que-esta-en-ejecucion\/","title":{"rendered":"Obra p\u00fablica: Furno habl\u00f3 de lo que se complet\u00f3 y lo que est\u00e1 en ejecuci\u00f3n"},"content":{"rendered":"<p>La obra p\u00fablica en la ciudad es materia determinante de cada gesti\u00f3n municipal, y en la actual liderada por Arturo Rojas son muchos los frentes que se encaran con el objetivo de mejorar a la ciudad. De ello habl\u00f3 el actual secretario de Planeameinto y Obras P\u00fablicas, Adri\u00e1n Furno, en los estudios de \u201cVoces de la Ciudad\u201d, donde se refiri\u00f3 a trabajos ya completos y otros en ejecuci\u00f3n.<\/p>\n<p>Acerca de lo mayormente realizado, el funcionario le enumer\u00f3 al periodista Jorge G\u00f3mez y a la audiencia sobre luces Led en las delegaciones del interior, \u201cuna obra ejecutada en todas las localidades, en Energ\u00eda, Santamarina, La Dulce, Fern\u00e1ndez Claraz y hasta en La Negra, y con la intenci\u00f3n del Intendente en lo que queda de la gesti\u00f3n y si se sigue por cuaro a\u00f1os m\u00e1s, de dotar a todas las localidades del interior con 100% de iluminaci\u00f3n Led\u201d, resalt\u00f3.<\/p>\n<p>Destac\u00f3 la iluminaci\u00f3n de todas las avenidas de Necochea y Quequ\u00e9n; de nueve plazas, de la Terminal de \u00d3mnibus, de Costa Bonita (donde solo falta el tendido el\u00e9ctrico por la Usina); y de la Ribera.<\/p>\n<p>Adem\u00e1s, en las obras concretadas se cuentan tambi\u00e9n el techo renovado del CPA de Av. 75; las cloacas del Barrio Estaci\u00f3n Quequ\u00e9n, al cual se le suma un 20 % de ampliaci\u00f3n en ejecuci\u00f3n, las reparaciones del techo del Jard\u00edn Pichi Huinca; y el pluvial de Av. 42 y 109\u201d.<\/p>\n<p>Con respecto a lo que se encuentra en ejecuci\u00f3n, Furno destac\u00f3 que este lunes iniciaba la segunda etapa del bacheo de Barrio Arce; al tiempo que est\u00e1n los materiales para desag\u00fces Claraz y ya se prepara para la semana venidera la intervenci\u00f3n en los bulevares de Av. 59, desde 56 a 38, obra sobre la que apunt\u00f3 el secretario que all\u00ed trabajar\u00e1 la empresa Vicoli, se van a abrir todas para que pueda haber retome\u201d.<\/p>\n<p>En ese aspecto, tambi\u00e9n destac\u00f3 que est\u00e1 en un 70% el techo de la Unidad Sanitaria de la Dulce 70 %; en un 60% de avance el pluvial de calle 51 en barrio Norte y en un 60% tambi\u00e9n la obra de Presupuesto Participativo en Barrio la Florida.<\/p>\n<p>\u201cEn Presupuesto Participativo pasamos de programas sin ejecuci\u00f3n de muchas gestiones, a que haya dos proyectos viejos que se est\u00e1n ejecutando, y a recuperar la credibilidad con los vecinos. Ahora hay 15 proyectos de los cuales 12 ya se firmaron el viernes con los mismos delegados, y se hicieron los proyectos de Presupuesto Participativo con delegaciones del interior, es un organismo de democracia pura\u201d, celebr\u00f3 Furno.<\/p>\n<p>Finalmente, no soslay\u00f3 el funcionario que \u201ctenemos en un 60 % de avance la obra de Infraestructura b\u00e1sica del Barrio Malvones; como as\u00ed en un 50% la pista de atletismo, lo cual va muy r\u00e1pido y quiz\u00e1 para fin de diciembre la obra b\u00e1sica est\u00e9 terminada; y adem\u00e1s se est\u00e1 ejecutando la Feria 4 estaciones; y los CAPS de Barrio Norte a un 60 %, y el Fucile en la playa, una obra de Provincia que se encuentra al 50 %\u201d.<\/p>\n","protected":false},"excerpt":{"rendered":"<p>La obra p\u00fablica en la ciudad es materia determinante de cada gesti\u00f3n municipal, y en la actual liderada por Arturo Rojas son muchos los frentes que se encaran con el objetivo de mejorar a la ciudad. De ello habl\u00f3 el actual secretario de Planeameinto y Obras P\u00fablicas, Adri\u00e1n Furno, en los estudios de \u201cVoces de [&hellip;]<\/p>\n","protected":false},"author":3,"featured_media":94643,"comment_status":"closed","ping_status":"closed","sticky":false,"template":"","format":"standard","meta":{"footnotes":""},"categories":[3],"tags":[],"class_list":["post-94642","post","type-post","status-publish","format-standard","has-post-thumbnail","category-masnoticias"],"_links":{"self":[{"href":"https:\/\/primicias2262.com\/noticias\/wp-json\/wp\/v2\/posts\/94642","targetHints":{"allow":["GET"]}}],"collection":[{"href":"https:\/\/primicias2262.com\/noticias\/wp-json\/wp\/v2\/posts"}],"about":[{"href":"https:\/\/primicias2262.com\/noticias\/wp-json\/wp\/v2\/types\/post"}],"author":[{"embeddable":true,"href":"https:\/\/primicias2262.com\/noticias\/wp-json\/wp\/v2\/users\/3"}],"replies":[{"embeddable":true,"href":"https:\/\/primicias2262.com\/noticias\/wp-json\/wp\/v2\/comments?post=94642"}],"version-history":[{"count":0,"href":"https:\/\/primicias2262.com\/noticias\/wp-json\/wp\/v2\/posts\/94642\/revisions"}],"wp:attachment":[{"href":"https:\/\/primicias2262.com\/noticias\/wp-json\/wp\/v2\/media?parent=94642"}],"wp:term":[{"taxonomy":"category","embeddable":true,"href":"https:\/\/primicias2262.com\/noticias\/wp-json\/wp\/v2\/categories?post=94642"},{"taxonomy":"post_tag","embeddable":true,"href":"https:\/\/primicias2262.com\/noticias\/wp-json\/wp\/v2\/tags?post=94642"}],"curies":[{"name":"wp","href":"https:\/\/api.w.org\/{rel}","templated":true}]}}