{"id":94645,"date":"2022-10-25T12:38:51","date_gmt":"2022-10-25T15:38:51","guid":{"rendered":"https:\/\/primicias2262.com\/?p=94645"},"modified":"2022-10-25T12:38:51","modified_gmt":"2022-10-25T15:38:51","slug":"solo-a-cammesa-la-usina-le-estaria-debiendo-2-400-millones-de-pesos","status":"publish","type":"post","link":"https:\/\/primicias2262.com\/noticias\/solo-a-cammesa-la-usina-le-estaria-debiendo-2-400-millones-de-pesos\/","title":{"rendered":"\u00abSeg\u00fan Cammesa, la Usina le estar\u00eda debiendo 2.400 millones de pesos\u00bb"},"content":{"rendered":"<p>El dirigente peronista Roberto G\u00f3mez consider\u00f3 que la situaci\u00f3n econ\u00f3mica financiera de la Usina Popular \u00abes muy preocupante\u00bb y si bien reconoci\u00f3 que \u00abla mayor\u00eda de las cooperativas de la Provincia est\u00e1n pasando por un momento complejo, el caso de la UPC es muy complicado\u00bb.<\/p>\n<p>\u00abLa cooperativa viene arrastrando deudas con distintos organismos y s\u00f3lo a Cammesa (la empresa que le vende la energ\u00eda el\u00e9ctrica) le estar\u00eda debiendo alrededor de 2.400 millones de pesos,\u00bb, puntualiz\u00f3.<\/p>\n<p>G\u00f3mez agreg\u00f3 que \u00abla UPC tambi\u00e9n tiene deudas con el Sindicato de Luz y Fuerza, la Federaci\u00f3n y la AFIP, s\u00f3lo por nombrar algunos organismos\u00bb, pero adem\u00e1s puntualiz\u00f3 que en la Usina \u00abhay una falta total de democracia interna y la elecci\u00f3n (de los delegados) es una parodia\u00bb.<\/p>\n<p>En ese sentido, afirm\u00f3 que los actuales dirigentes \u00abson los mismos que vienen administrando la Usina de 2001 o sea que no le pueden atribuir los graves problemas a gestiones anteriores o a la falta de tarifas\u00bb.<\/p>\n<p>A\u00f1adi\u00f3 que \u00abhan estado cobrando una cuota capital alt\u00edsima y no se sabe adonde han ido a parar esos fondos y no se han hecho las inversiones necesarias\u00bb, para luego indicar que \u00aben otras cooperativas tambi\u00e9n hay problemas complejos pero los dirigentes trabajan de frente a los vecinos y a la hora de las elecciones participan 2, 3 o 4 listas\u00bb.<\/p>\n<p>\u00abEm la UPC hace 12 a\u00f1os que siempre lista \u00fanica y en los \u00faltimos 5 a\u00f1os ni siquiera se coloca una urna para que los asociados puedan votar y cuando en los partidos pol\u00edticos y los sindicatos hay una sola lista siempre se vota\u00bb.<\/p>\n<p>Consultado sobre la calidad del servicio el\u00e9ctrico, G\u00f3mez opin\u00f3 que \u00abpese a que es uno de los m\u00e1s caros de la Provincia sigue siendo malo porque no hay inversiones, no se cambian los cables y no se reparan los transformadores por eso se producen cortes de luz y se termina afectando la provisi\u00f3n de agua que depende de la electricidad\u00bb y a\u00f1adi\u00f3 que \u00abotros problemas son los picos de tensi\u00f3n que terminan quemando electrodom\u00e9sticos\u00bb.<\/p>\n<p>Por \u00faltimo, G\u00f3mez hizo una llamado de atenci\u00f3n a los vecinos porque \u00abla cooperativa es de todos los socios, pero tambi\u00e9n deber\u00edan preocuparse los concejales por los cargos que ocupan y el Ejecutivo municipal -a trav\u00e9s de los delegados- para que los actuales dirigentes de la UPC para que expliquen c\u00f3mo van a pagar esas deudas y qu\u00e9 ideas tienen para que la instituci\u00f3n salga de esta situaci\u00f3n cr\u00edtica\u00bb.<\/p>\n<p>&nbsp;<\/p>\n","protected":false},"excerpt":{"rendered":"<p>El dirigente peronista Roberto G\u00f3mez consider\u00f3 que la situaci\u00f3n econ\u00f3mica financiera de la Usina Popular \u00abes muy preocupante\u00bb y si bien reconoci\u00f3 que \u00abla mayor\u00eda de las cooperativas de la Provincia est\u00e1n pasando por un momento complejo, el caso de la UPC es muy complicado\u00bb. \u00abLa cooperativa viene arrastrando deudas con distintos organismos y s\u00f3lo [&hellip;]<\/p>\n","protected":false},"author":3,"featured_media":94649,"comment_status":"closed","ping_status":"closed","sticky":false,"template":"","format":"standard","meta":{"footnotes":""},"categories":[3],"tags":[],"class_list":["post-94645","post","type-post","status-publish","format-standard","has-post-thumbnail","category-masnoticias"],"_links":{"self":[{"href":"https:\/\/primicias2262.com\/noticias\/wp-json\/wp\/v2\/posts\/94645","targetHints":{"allow":["GET"]}}],"collection":[{"href":"https:\/\/primicias2262.com\/noticias\/wp-json\/wp\/v2\/posts"}],"about":[{"href":"https:\/\/primicias2262.com\/noticias\/wp-json\/wp\/v2\/types\/post"}],"author":[{"embeddable":true,"href":"https:\/\/primicias2262.com\/noticias\/wp-json\/wp\/v2\/users\/3"}],"replies":[{"embeddable":true,"href":"https:\/\/primicias2262.com\/noticias\/wp-json\/wp\/v2\/comments?post=94645"}],"version-history":[{"count":0,"href":"https:\/\/primicias2262.com\/noticias\/wp-json\/wp\/v2\/posts\/94645\/revisions"}],"wp:attachment":[{"href":"https:\/\/primicias2262.com\/noticias\/wp-json\/wp\/v2\/media?parent=94645"}],"wp:term":[{"taxonomy":"category","embeddable":true,"href":"https:\/\/primicias2262.com\/noticias\/wp-json\/wp\/v2\/categories?post=94645"},{"taxonomy":"post_tag","embeddable":true,"href":"https:\/\/primicias2262.com\/noticias\/wp-json\/wp\/v2\/tags?post=94645"}],"curies":[{"name":"wp","href":"https:\/\/api.w.org\/{rel}","templated":true}]}}