{"id":94655,"date":"2022-10-25T14:07:42","date_gmt":"2022-10-25T17:07:42","guid":{"rendered":"https:\/\/primicias2262.com\/?p=94655"},"modified":"2022-10-25T14:07:42","modified_gmt":"2022-10-25T17:07:42","slug":"se-abre-un-concurso-para-incorporar-guardavidas-al-plantel-mensualizado","status":"publish","type":"post","link":"https:\/\/primicias2262.com\/noticias\/se-abre-un-concurso-para-incorporar-guardavidas-al-plantel-mensualizado\/","title":{"rendered":"Se abre un concurso para incorporar guardavidas al plantel mensualizado"},"content":{"rendered":"<p><strong>La convocatoria tiene un plazo de quince (15) d\u00edas corridos a partir de la fecha de su publicaci\u00f3n. Podr\u00e1n participar postulantes que est\u00e1n entre los primeros 150 inscriptos en el orden de m\u00e9rito de la Bolsa de Trabajo de la Asociaci\u00f3n de Guardavidas Necochea Quequ\u00e9n.<\/strong><\/p>\n<p>Como cada a\u00f1o, a trav\u00e9s de un decreto firmado por el intendente Arturo Rojas y la secretaria de Gobierno, Gabriela G\u00f3ngora, la Municipalidad de Necochea lanza un llamado a Concurso para aquellos postulantes que quieran incorporarse al plantel mensualizado de Guardavidas para la pr\u00f3xima temporada 2022\/23.<\/p>\n<p>La convocatoria tiene un plazo de quince (15) d\u00edas corridos a partir de la fecha de su publicaci\u00f3n, rigi\u00e9ndose por la normativa dispuesta en los art\u00edculos 16 y siguientes de la Ordenanza N\u00ba 9972\/19.<\/p>\n<p>El ingreso por concurso se establece para postulantes entre los primeros 150 inscriptos en el orden de m\u00e9rito de la Bolsa de Trabajo de la Asociaci\u00f3n de Guardavidas Necochea Quequ\u00e9n, teniendo en consideraci\u00f3n, adem\u00e1s del puntaje inicial que registren en ese reglamento, un puntaje extra adicional por la realizaci\u00f3n de diferentes pruebas a efectos del ingreso de cada uno de los a\u00f1os en que se realice el concurso (Art\u00edculo 18\u00ba de la normativa mencionada).<\/p>\n<p>Los interesados deber\u00e1n presentarse en la Direcci\u00f3n General de Deportes, ubicada en las instalaciones del Polideportivo Municipal, con su documento de identidad, la libreta de guardavidas y certificado de antecedentes, y deber\u00e1n reunir los requisitos indicados en el apartado 13\u00ba de la Ordenanza en cuesti\u00f3n:<\/p>\n<ul>\n<li>Poseer libreta de guardavidas expedida por la Comisi\u00f3n Provincial de Guardavidas, Seguridad de Playas y Natatorios de la Provincia de Buenos Aires.<\/li>\n<li>No revestir las inhabilidades predispuestas por el art\u00edculo 20 del Convenio Colectivo n\u00ba 25\/17 (Ordenanza 91987) de Empleo P\u00fablico de la Municipalidad de Necochea.<\/li>\n<li>Tener aprobadas las pruebas de suficiencia exigidas anualmente por dicha Comisi\u00f3n Provincial, cuya constancia deber\u00e1 figurar en la libreta de guardavidas.<\/li>\n<li>Aprobar un examen m\u00e9dico ante un organismo oficial.<\/li>\n<li>No registrar sanciones en el \u00e1mbito municipal, provincial o nacional que inhabiliten para el desempe\u00f1o de la funci\u00f3n.<\/li>\n<\/ul>\n<p>Los postulantes deber\u00e1n rendir el examen te\u00f3rico (que implicar\u00e1 conocimientos b\u00e1sicos en primero auxilios y manejo de equipamiento a su cargo) de cuya aprobaci\u00f3n depender\u00e1 el ingreso al concurso, que tiene fecha prevista para el pr\u00f3ximo 12 de noviembre, a las 10, en el Polideportivo Municipal; con la evaluaci\u00f3n f\u00edsica y actividad pedestre a continuaci\u00f3n de la misma.<\/p>\n<p>Respecto a la actividad acu\u00e1tica (nado y remolque), la prueba se realizar\u00e1 en la pileta de nataci\u00f3n de Palestra Gym &amp; Swim, en calle 55 N\u00ba 2775 de la ciudad de Necochea, el mismo d\u00eda, pero a las 16.<\/p>\n<p>El lunes 14 de noviembre ser\u00e1n publicados los resultados y remitidos los mismos a la AGNQ para su notificaci\u00f3n. A tal efecto, se conformar\u00e1 una Comisi\u00f3n Evaluadora integrada por Guadalupe Hern\u00e1ndez y Jos\u00e9 Ignacio Fern\u00e1ndez Guerrero, ambos pertenecientes a la Direcci\u00f3n de Deportes y como representantes del Departamento Ejecutivo, y Pablo Rafael Su\u00e1rez, como miembro de la asociaci\u00f3n mencionada.<\/p>\n","protected":false},"excerpt":{"rendered":"<p>La convocatoria tiene un plazo de quince (15) d\u00edas corridos a partir de la fecha de su publicaci\u00f3n. Podr\u00e1n participar postulantes que est\u00e1n entre los primeros 150 inscriptos en el orden de m\u00e9rito de la Bolsa de Trabajo de la Asociaci\u00f3n de Guardavidas Necochea Quequ\u00e9n. Como cada a\u00f1o, a trav\u00e9s de un decreto firmado por [&hellip;]<\/p>\n","protected":false},"author":3,"featured_media":94656,"comment_status":"closed","ping_status":"closed","sticky":false,"template":"","format":"standard","meta":{"footnotes":""},"categories":[3],"tags":[],"class_list":["post-94655","post","type-post","status-publish","format-standard","has-post-thumbnail","category-masnoticias"],"_links":{"self":[{"href":"https:\/\/primicias2262.com\/noticias\/wp-json\/wp\/v2\/posts\/94655","targetHints":{"allow":["GET"]}}],"collection":[{"href":"https:\/\/primicias2262.com\/noticias\/wp-json\/wp\/v2\/posts"}],"about":[{"href":"https:\/\/primicias2262.com\/noticias\/wp-json\/wp\/v2\/types\/post"}],"author":[{"embeddable":true,"href":"https:\/\/primicias2262.com\/noticias\/wp-json\/wp\/v2\/users\/3"}],"replies":[{"embeddable":true,"href":"https:\/\/primicias2262.com\/noticias\/wp-json\/wp\/v2\/comments?post=94655"}],"version-history":[{"count":0,"href":"https:\/\/primicias2262.com\/noticias\/wp-json\/wp\/v2\/posts\/94655\/revisions"}],"wp:attachment":[{"href":"https:\/\/primicias2262.com\/noticias\/wp-json\/wp\/v2\/media?parent=94655"}],"wp:term":[{"taxonomy":"category","embeddable":true,"href":"https:\/\/primicias2262.com\/noticias\/wp-json\/wp\/v2\/categories?post=94655"},{"taxonomy":"post_tag","embeddable":true,"href":"https:\/\/primicias2262.com\/noticias\/wp-json\/wp\/v2\/tags?post=94655"}],"curies":[{"name":"wp","href":"https:\/\/api.w.org\/{rel}","templated":true}]}}