{"id":94673,"date":"2022-10-25T19:39:16","date_gmt":"2022-10-25T22:39:16","guid":{"rendered":"https:\/\/primicias2262.com\/?p=94673"},"modified":"2022-10-25T19:39:16","modified_gmt":"2022-10-25T22:39:16","slug":"en-una-jornada-historica-para-la-educacion-del-distrito-quedo-inaugurado-el-jardin-n-908","status":"publish","type":"post","link":"https:\/\/primicias2262.com\/noticias\/en-una-jornada-historica-para-la-educacion-del-distrito-quedo-inaugurado-el-jardin-n-908\/","title":{"rendered":"En una jornada hist\u00f3rica para la educaci\u00f3n del distrito, qued\u00f3 inaugurado el Jard\u00edn N\u00b0 908"},"content":{"rendered":"<p><strong>El gobernador Axel Kicillof y el intendente Arturo Rojas hablaron de justicia social. \u00bb Hace 47 a\u00f1os que este jard\u00edn funcionaba en una casa prestada por el Instituto de la Vivienda de la Provincia\u00bb record\u00f3 el jefe comunal en su discurso, al tiempo que adelant\u00f3 otros proyectos en conjunto con el gobierno provincial para seguir construyendo establecimientos educativos en el distrito-<\/strong><\/p>\n<p>En una jornada festiva para el distrito, pero para la vecina Quequ\u00e9n sobre todo, se inaugur\u00f3 esta tarde el Jard\u00edn N\u00ba 908 situado en el Barrio Seis Esquinas. El acto tuvo la presencia del gobernador Axel Kicillof, el director General de Educaci\u00f3n y Cultura de la Provincia, Alberto Sileoni y el intendente Arturo Rojas, quienes en su discurso coincidieron en que este nuevo edificio educativo es un acto de justicia social para los vecinos y padres que all\u00ed llevan a sus hijos cada d\u00eda.<\/p>\n<p><a href=\"https:\/\/primicias2262.com\/wp-content\/uploads\/2022\/10\/WhatsApp-Image-2022-10-25-at-7.44.37-PM.jpeg\"><img loading=\"lazy\" decoding=\"async\" class=\"aligncenter size-full wp-image-94678\" src=\"https:\/\/primicias2262.com\/wp-content\/uploads\/2022\/10\/WhatsApp-Image-2022-10-25-at-7.44.37-PM.jpeg\" alt=\"\" width=\"1280\" height=\"855\" \/><\/a><\/p>\n<p>En sus palabras, ante la presencia de concejales, consejeros escolares, funcionarios y buena parte de la comunidad educativa de la ciudad y del jard\u00edn en particular, con sus maestras y ni\u00f1os, Rojas asever\u00f3 que \u201chace 47 a\u00f1os que este jard\u00edn funciona en una casa prestada por el Instituto de la Vivienda de la Provincia, as\u00ed que vaya sino es un d\u00eda de justicia social para Quequ\u00e9n, el distrito, las docentes y toda la comunidad educativa\u201d.<\/p>\n<p>\u201cEste es un ejemplo del trabajo en conjunto con la Provincia, pero hay varios proyectos m\u00e1s que hay en carpeta\u201d a\u00f1adi\u00f3 el m\u00e1ximo mandatario, para enumerar r\u00e1pidamente que \u201cestamos tramitando una documentaci\u00f3n para hacer la donaci\u00f3n de otras tierras en otro sector popular como es el Barrio Estaci\u00f3n Quequ\u00e9n, donde necesitan un jard\u00edn de infantes que es el 920\u201d.<\/p>\n<p>A su turno, el gobernador Kicillof manifest\u00f3 que \u201cle quiero agradecer a los vecinos de Necochea y Quequ\u00e9n y a Arturo por estar ac\u00e1 hoy, teniendo en cuenta que siempre una inauguraci\u00f3n de un edificio escolar nuevo es una gran noticia\u201d.<\/p>\n<p>Para culminar, enfatiz\u00f3 que \u201cnos falta un mont\u00f3n, nos faltan m\u00e1s escuelas, m\u00e1s jardines, por supuesto que s\u00ed, pero estamos remontando una situaci\u00f3n muy dif\u00edcil y en ese aspecto tienen que saber que este gobierno tiene un compromiso inquebrantable con la educaci\u00f3n, y si eso no fuera cierto no hubi\u00e9semos inaugurado con esta 102 escuelas y jardines en toda la Provincia\u201d.<\/p>\n<p>Adem\u00e1s de las alocuciones, se cort\u00f3 la cinta tradicional de inauguraci\u00f3n y los ni\u00f1os cantaron una canci\u00f3n alusiva a su nuevo jard\u00edn. Para cerrar, las autoridades presentes recorrieron las nuevas instalaciones.<\/p>\n<p><strong>FOTOS: Estefan\u00eda Dray<\/strong><\/p>\n","protected":false},"excerpt":{"rendered":"<p>El gobernador Axel Kicillof y el intendente Arturo Rojas hablaron de justicia social. \u00bb Hace 47 a\u00f1os que este jard\u00edn funcionaba en una casa prestada por el Instituto de la Vivienda de la Provincia\u00bb record\u00f3 el jefe comunal en su discurso, al tiempo que adelant\u00f3 otros proyectos en conjunto con el gobierno provincial para seguir [&hellip;]<\/p>\n","protected":false},"author":3,"featured_media":94676,"comment_status":"closed","ping_status":"closed","sticky":false,"template":"","format":"standard","meta":{"footnotes":""},"categories":[3],"tags":[],"class_list":["post-94673","post","type-post","status-publish","format-standard","has-post-thumbnail","category-masnoticias"],"_links":{"self":[{"href":"https:\/\/primicias2262.com\/noticias\/wp-json\/wp\/v2\/posts\/94673","targetHints":{"allow":["GET"]}}],"collection":[{"href":"https:\/\/primicias2262.com\/noticias\/wp-json\/wp\/v2\/posts"}],"about":[{"href":"https:\/\/primicias2262.com\/noticias\/wp-json\/wp\/v2\/types\/post"}],"author":[{"embeddable":true,"href":"https:\/\/primicias2262.com\/noticias\/wp-json\/wp\/v2\/users\/3"}],"replies":[{"embeddable":true,"href":"https:\/\/primicias2262.com\/noticias\/wp-json\/wp\/v2\/comments?post=94673"}],"version-history":[{"count":0,"href":"https:\/\/primicias2262.com\/noticias\/wp-json\/wp\/v2\/posts\/94673\/revisions"}],"wp:attachment":[{"href":"https:\/\/primicias2262.com\/noticias\/wp-json\/wp\/v2\/media?parent=94673"}],"wp:term":[{"taxonomy":"category","embeddable":true,"href":"https:\/\/primicias2262.com\/noticias\/wp-json\/wp\/v2\/categories?post=94673"},{"taxonomy":"post_tag","embeddable":true,"href":"https:\/\/primicias2262.com\/noticias\/wp-json\/wp\/v2\/tags?post=94673"}],"curies":[{"name":"wp","href":"https:\/\/api.w.org\/{rel}","templated":true}]}}