{"id":94687,"date":"2022-10-26T14:38:09","date_gmt":"2022-10-26T17:38:09","guid":{"rendered":"https:\/\/primicias2262.com\/?p=94687"},"modified":"2022-10-26T14:38:09","modified_gmt":"2022-10-26T17:38:09","slug":"tano-cafiel-y-un-relato-a-flor-de-piel-sobre-la-experiencia-de-llevar-energia-al-paraje-el-durazno","status":"publish","type":"post","link":"https:\/\/primicias2262.com\/noticias\/tano-cafiel-y-un-relato-a-flor-de-piel-sobre-la-experiencia-de-llevar-energia-al-paraje-el-durazno\/","title":{"rendered":"Tano Cafiel y un relato a flor de piel sobre la experiencia de llevar energ\u00eda al paraje \u201cEl Durazno\u201d"},"content":{"rendered":"<p>En un nuevo emprendimiento solidario del Prof. Norberto \u201cTano\u201d Cafiel y un grupo de alumnos del Centro de Formaci\u00f3n Profesional N\u00ba 402, se dot\u00f3 exitosamente de energ\u00eda a un punto del paraje \u201cEl Durazno\u201d, ubicado en Jujuy, casi al l\u00edmite con Bolivia y a m\u00e1s de 4 mil metros de altura.<\/p>\n<p>En \u201cVoces de la Ciudad\u201d, Cafiel dialog\u00f3 con el periodista Jorge G\u00f3mez y con una honda emoci\u00f3n empez\u00f3 relatando que \u201cla historia arranc\u00f3 hace unos cuatro meses cuando uno de los alumnos vino con una propuesta, ya que hay una asociaci\u00f3n en Buenos Aires que son padrinos de una escuela en el paraje \u201cEl Durazno\u201d, a 4500 metros de altura, a unos 50 kil\u00f3metros de Tilcara, Jujuy, al l\u00edmite con Bolivia\u201d.<\/p>\n<p>\u201cAll\u00ed hay un puesto sanitario donde el enfermero hace de m\u00e9dico, cura, padre, amigo y todo, quien se iluminaba con una lamparita vieja de auto de dos filamentos, aunque parezca mentira en el 2022\u2026 con eso iluminaba, coc\u00eda a un accidentado y dem\u00e1s tareas\u201d, revel\u00f3 el profesor.<\/p>\n<p><a href=\"https:\/\/primicias2262.com\/wp-content\/uploads\/2022\/10\/WhatsApp-Image-2022-10-24-at-10.32.49-PM.jpeg\"><img loading=\"lazy\" decoding=\"async\" class=\"aligncenter size-full wp-image-94688\" src=\"https:\/\/primicias2262.com\/wp-content\/uploads\/2022\/10\/WhatsApp-Image-2022-10-24-at-10.32.49-PM.jpeg\" alt=\"\" width=\"1040\" height=\"585\" \/><\/a><\/p>\n<p>Adem\u00e1s resalt\u00f3 que \u201cconseguimos en la ciudad las donaciones necesarias para costear el combustible, 92 mil pesos gastamos en eso, e hicimos 4800 kil\u00f3metros. Estamos muy agradecidos con toda la gente de Necochea que nos apoy\u00f3\u201d.<\/p>\n<p>Cafiel reconoci\u00f3 que el desaf\u00edo \u201cfue complicado, pero fuimos y pudimos cumplir el objetivo. Fuimos 4, con Isa\u00edas, Luis y Mariano. Llegamos a Tilcara, viajamos 28 horas seguidas hasta llegar all\u00e1, paramos y dormimos en un lugar que nos prest\u00f3 el intendente de Tilcara\u201d.<\/p>\n<p>Camino a \u201cEl Durazno\u201d, Cafiel describi\u00f3 una experiencia \u00fanica: \u201cNos contaban c\u00f3mo ten\u00edamos que hacer para caminar y atravesar porque no ten\u00e9s ox\u00edgeno\u2026 hay un momento que se te desconectan las piernas de la cabeza, es una pelea con uno mismo porque llega un momento que quer\u00e9s decir basta y atr\u00e1s vienen los burreros con las cargas. Ellos parec\u00edan unas ferraris y yo un fitito. La cabeza quer\u00eda pero me temblaban las rodillas, las piernas no respond\u00edan, aunque tom\u00e9s te de coca o lo que sea. Descans\u00e1s un ratito y segu\u00eds, y vas\u2026 son 12 horas para llegar a destino, entre las subidas a caballo y las bajadas a pie\u201d.<\/p>\n<p>Acto seguido relat\u00f3 que \u201cllegamos de noche al lugar, ah\u00ed fue la primera emoci\u00f3n, cuando lleg\u00e1s de 12 horas de caminar quer\u00e9s tomar agua, y cuando la vas a abrir te dicen \u201cpar\u00e1, hay que hervirla porque no es potable\u201d&#8230; la herv\u00eds y tom\u00e1s agua caliente porque no quer\u00e9s esperar m\u00e1s. Despu\u00e9s a dormir en el piso, pero viene el enfermero y te dice que dentro de una horita y media te levantes y barras, porque puede haber lacranes o lagartijas\u201d.<\/p>\n<p>En cuanto al objetivo del viaje en s\u00ed, Cafiel cont\u00f3 que \u201ccuando vi que el enfermero prendi\u00f3 la luz para trabajar, una lamparita de auto, me quer\u00eda morir\u2026 a la ma\u00f1ana siguiente nos pusimos a trabajar, nos \u00edbamos a quedar un d\u00eda y nos quedamos dos porque no lleg\u00e1bamos con el tiempo, pero qued\u00f3 iluminado. Pusimos unas 17 pastillas de power led y qued\u00f3 como de d\u00eda, y en el consultorio l\u00e1mparas Led de 12 volts\u2026 toda la iluminaci\u00f3n la hicimos en 12 volts, cuesti\u00f3n de que si se bajan las bater\u00edas pierda intensidad pero est\u00e9 iluminado, y en 220 V para que tengan una heladera, ya que si no hay heladera no hay medicamentos conservados. As\u00ed que pudimos armar dos sistemas dentro de la unidad sanitaria\u201d.<\/p>\n<p>Luego de eso, Cafiel sigui\u00f3 con su testimonio al contar que \u201chab\u00eda un hombre del lugar que se larg\u00f3 a llorar de la emoci\u00f3n, que dec\u00eda que no se lo merec\u00eda y c\u00f3mo nos acordamos de \u00e9l estando tan lejos, a m\u00e1s de 2 mil kil\u00f3metros\u2026 c\u00f3mo no te lo vas a merecer le dije, si est\u00e1s haciendo patria atendiendo a casas que se encuentran a media hora o 40 minutos, y pusimos una bandera que nos don\u00f3 Juan Carlos Moreira. Fue una cosa fant\u00e1stica, ahora pueden entre otras cosas, cargar la bater\u00eda del tel\u00e9fono, algo que pod\u00edan hacer si se trasladaban hasta una escuela a 45 minutos\u201d.<\/p>\n<p>Mientras que a la vuelta, \u201ctardamos 10 horas para llegar a Tilcara y una satisfacci\u00f3n personal fue caminar cuatro horas en descenso, pero llegamos muy bien. A la vuelta Fito \u00c1vila (Adolfo) nos prest\u00f3 una casa familiar en Santiago del Estero para que los muchachos duerman un rato porque ven\u00edamos agotados, llegu\u00e9 a Necochea y dorm\u00ed 12 horas de corrido\u201d, acot\u00f3.<\/p>\n<p>Finalmente, Cafiel reflexion\u00f3 que \u201clo m\u00e1s saludable es haber llevado el nombre de la ciudad y una casa de estudios local que apuesta a estas cosas, como es el Centro de Formaci\u00f3n Profesional N\u00ba 402\u2026 no nos equivocamos cuando dijimos que los alumnos tienen que hacer las pr\u00e1cticas en cosas tangibles que queden para el bien com\u00fan, eso no se lo van a olvidar nunca\u201d, y asegur\u00f3 que \u201cme qued\u00f3 en las retinas la emoci\u00f3n del enfermero\u201d.<\/p>\n","protected":false},"excerpt":{"rendered":"<p>En un nuevo emprendimiento solidario del Prof. Norberto \u201cTano\u201d Cafiel y un grupo de alumnos del Centro de Formaci\u00f3n Profesional N\u00ba 402, se dot\u00f3 exitosamente de energ\u00eda a un punto del paraje \u201cEl Durazno\u201d, ubicado en Jujuy, casi al l\u00edmite con Bolivia y a m\u00e1s de 4 mil metros de altura. En \u201cVoces de la [&hellip;]<\/p>\n","protected":false},"author":3,"featured_media":94689,"comment_status":"closed","ping_status":"closed","sticky":false,"template":"","format":"standard","meta":{"footnotes":""},"categories":[3],"tags":[],"class_list":["post-94687","post","type-post","status-publish","format-standard","has-post-thumbnail","category-masnoticias"],"_links":{"self":[{"href":"https:\/\/primicias2262.com\/noticias\/wp-json\/wp\/v2\/posts\/94687","targetHints":{"allow":["GET"]}}],"collection":[{"href":"https:\/\/primicias2262.com\/noticias\/wp-json\/wp\/v2\/posts"}],"about":[{"href":"https:\/\/primicias2262.com\/noticias\/wp-json\/wp\/v2\/types\/post"}],"author":[{"embeddable":true,"href":"https:\/\/primicias2262.com\/noticias\/wp-json\/wp\/v2\/users\/3"}],"replies":[{"embeddable":true,"href":"https:\/\/primicias2262.com\/noticias\/wp-json\/wp\/v2\/comments?post=94687"}],"version-history":[{"count":0,"href":"https:\/\/primicias2262.com\/noticias\/wp-json\/wp\/v2\/posts\/94687\/revisions"}],"wp:attachment":[{"href":"https:\/\/primicias2262.com\/noticias\/wp-json\/wp\/v2\/media?parent=94687"}],"wp:term":[{"taxonomy":"category","embeddable":true,"href":"https:\/\/primicias2262.com\/noticias\/wp-json\/wp\/v2\/categories?post=94687"},{"taxonomy":"post_tag","embeddable":true,"href":"https:\/\/primicias2262.com\/noticias\/wp-json\/wp\/v2\/tags?post=94687"}],"curies":[{"name":"wp","href":"https:\/\/api.w.org\/{rel}","templated":true}]}}