{"id":94691,"date":"2022-10-26T14:42:46","date_gmt":"2022-10-26T17:42:46","guid":{"rendered":"https:\/\/primicias2262.com\/?p=94691"},"modified":"2023-06-16T19:41:48","modified_gmt":"2023-06-16T19:41:48","slug":"gonzalez-de-cara-a-la-fiesta-en-la-ribera-queremos-que-el-paseo-sea-un-polo-turistico","status":"publish","type":"post","link":"https:\/\/primicias2262.com\/noticias\/gonzalez-de-cara-a-la-fiesta-en-la-ribera-queremos-que-el-paseo-sea-un-polo-turistico\/","title":{"rendered":"Gonz\u00e1lez de cara a la fiesta en la Ribera: \u201cQueremos que el Paseo sea un polo tur\u00edstico\u201d"},"content":{"rendered":"<p>Uno de los integrantes del Paseo de la Ribera, Ariel Gonz\u00e1lez, visit\u00f3 los estudios de \u201cVoces de la Ciudad\u201d, y en charla con el periodista Jorge G\u00f3mez dio detalles de lo que ser\u00e1 la fiesta del paseo el domingo 13 de noviembre, pero adem\u00e1s manifest\u00f3 a lo que aspira la instituci\u00f3n para uno de los paisajes m\u00e1s pintorescos de la ciudad sobre el R\u00edo Quequ\u00e9n.<\/p>\n<p>En v\u00edsperas de la fiesta del Paseo, anunciada para el domingo 13 de noviembre en organizaci\u00f3n junto a la C\u00e1mara de Mujeres Emprendedoras de la ciudad y el distrito, el doctor Gonz\u00e1lez se\u00f1al\u00f3 que \u201cva a ser una jornada para disfrutar el paseo\u2026 la juntada va a tener algunas comidas y carpa dulce\u00bb<\/p>\n<p>Agreg\u00f3 que\u00a0 \u00abhabr\u00e1 m\u00fasica con la presentaci\u00f3n de \u201cTachame la doble\u201d, \u201cAlma Pacha\u201d cerrando el show, el Puma Rodr\u00edguez, Cumel\u00e9n, y posiblemente traigamos una banda de La Plata y al cantautor Juan Quiroz de Buenos Aires, quien si bien naci\u00f3 en otra ciudad tiene su coraz\u00f3n en Necochea\u201d.<\/p>\n<p>\u201cLa idea es arrancar a media ma\u00f1ana, se corta la calle y se pide a la gente que vaya con sus sombrillas y sus sillas\u201d, manifest\u00f3 Gonz\u00e1lez, quien record\u00f3 que \u201cvolvemos a tener una fiesta despu\u00e9s de m\u00e1s de dos a\u00f1os\u201d, e incluso \u201ctendremos un artista pintando el cartel del Paseo de la Ribera, como Hern\u00e1n Ricaldoni, que pintar\u00e1 una parte en vivo y estar\u00e1 en el Kil\u00f3metro 2 del camino, al cual se baja por Ruta 86 y calle 86\u201d.<\/p>\n<p>Por ende, \u201chabr\u00e1 chorizos, hamburguesas, paseo de kayak, estar\u00e1 la gente de Amigos del Mar como encargados de dar los paseos, inflables para los chicos y una jornada de nataci\u00f3n, mediante una idea que nos dio un amigo, Miguel Romero, con la idea de que los nadadores salgan desde el Puente Taraborelli hasta el punto de la fiesta\u201d, puntualiz\u00f3.<\/p>\n<p>Entre los motivos de festejo, Gonz\u00e1lez se refiri\u00f3 a la reciente obra de iluminaci\u00f3n Led que va desde 74 y ribera hasta la Sociedad Espa\u00f1ola, sobre lo que destac\u00f3 que \u201cla iluminaci\u00f3n qued\u00f3 bell\u00edsima y cambia totalmente al paseo, fue una cosa muy emocionante, hay gente que vive ah\u00ed hace 40 a\u00f1os que dec\u00edan que era un sue\u00f1o que no cre\u00edan que iban a ver. Estas cosas son hitos importantes para la ciudad\u201d.<\/p>\n<p>En esa l\u00ednea, afirm\u00f3 que \u201clo que queremos es poner todo lo necesario para que la mano privada invierta en el Paseo, que se abran m\u00e1s bares y restaurantes y que se habiliten y construyan m\u00e1s caba\u00f1as, porque queremos que sea un polo tur\u00edstico\u201d.<\/p>\n<p>Finalmente, Gonz\u00e1lez anticip\u00f3 que \u201ctenemos todo comprado y preparado para hacer una cancha de bochas en la rotonda al lado del Puente Taraborelli, adem\u00e1s de otras cosas\u2026 la semana que viene probablemente est\u00e9 listo el calentador de agua que nos don\u00f3 Pascual Corapi, adem\u00e1s ya hay un bebedero al lado de la posta policial y vamos a habilitar otro m\u00e1s en el 1,5 kil\u00f3metro\u201d.<\/p>\n","protected":false},"excerpt":{"rendered":"<p>Uno de los integrantes del Paseo de la Ribera, Ariel Gonz\u00e1lez, visit\u00f3 los estudios de \u201cVoces de la Ciudad\u201d, y en charla con el periodista Jorge G\u00f3mez dio detalles de lo que ser\u00e1 la fiesta del paseo el domingo 13 de noviembre, pero adem\u00e1s manifest\u00f3 a lo que aspira la instituci\u00f3n para uno de los [&hellip;]<\/p>\n","protected":false},"author":3,"featured_media":100232,"comment_status":"closed","ping_status":"closed","sticky":false,"template":"","format":"standard","meta":{"footnotes":""},"categories":[6],"tags":[],"class_list":{"0":"post-94691","1":"post","2":"type-post","3":"status-publish","4":"format-standard","5":"has-post-thumbnail","7":"category-portada2"},"_links":{"self":[{"href":"https:\/\/primicias2262.com\/noticias\/wp-json\/wp\/v2\/posts\/94691","targetHints":{"allow":["GET"]}}],"collection":[{"href":"https:\/\/primicias2262.com\/noticias\/wp-json\/wp\/v2\/posts"}],"about":[{"href":"https:\/\/primicias2262.com\/noticias\/wp-json\/wp\/v2\/types\/post"}],"author":[{"embeddable":true,"href":"https:\/\/primicias2262.com\/noticias\/wp-json\/wp\/v2\/users\/3"}],"replies":[{"embeddable":true,"href":"https:\/\/primicias2262.com\/noticias\/wp-json\/wp\/v2\/comments?post=94691"}],"version-history":[{"count":1,"href":"https:\/\/primicias2262.com\/noticias\/wp-json\/wp\/v2\/posts\/94691\/revisions"}],"predecessor-version":[{"id":100243,"href":"https:\/\/primicias2262.com\/noticias\/wp-json\/wp\/v2\/posts\/94691\/revisions\/100243"}],"wp:featuredmedia":[{"embeddable":true,"href":"https:\/\/primicias2262.com\/noticias\/wp-json\/wp\/v2\/media\/100232"}],"wp:attachment":[{"href":"https:\/\/primicias2262.com\/noticias\/wp-json\/wp\/v2\/media?parent=94691"}],"wp:term":[{"taxonomy":"category","embeddable":true,"href":"https:\/\/primicias2262.com\/noticias\/wp-json\/wp\/v2\/categories?post=94691"},{"taxonomy":"post_tag","embeddable":true,"href":"https:\/\/primicias2262.com\/noticias\/wp-json\/wp\/v2\/tags?post=94691"}],"curies":[{"name":"wp","href":"https:\/\/api.w.org\/{rel}","templated":true}]}}