{"id":94694,"date":"2022-10-26T14:57:29","date_gmt":"2022-10-26T17:57:29","guid":{"rendered":"https:\/\/primicias2262.com\/?p=94694"},"modified":"2022-10-26T14:57:29","modified_gmt":"2022-10-26T17:57:29","slug":"se-abre-otra-serie-de-capacitaciones-gratuitas-para-los-emprendedores","status":"publish","type":"post","link":"https:\/\/primicias2262.com\/noticias\/se-abre-otra-serie-de-capacitaciones-gratuitas-para-los-emprendedores\/","title":{"rendered":"Se abre otra serie de capacitaciones gratuitas para los emprendedores"},"content":{"rendered":"<p><strong>Organizadas por la Direcci\u00f3n de Emprendimientos y Pymes estar\u00e1n abiertas a toda la comunidad y se tendr\u00e1n desarrollo en el Sal\u00f3n de Actos municipal. En esta oportunidad se dictar\u00e1n los cursos \u201cRedes Sociales para Emprendedores\u201d, \u201cFotograf\u00eda para redes\u201d y \u201cC\u00f3mo calcular el precio de tus productos\u201d.<\/strong><\/p>\n<p>La Secretar\u00eda de Turismo y Desarrollo Productivo organiza una nueva serie de capacitaciones totalmente gratuitas y abiertas a todos los emprendedores que est\u00e9n interesados en incorporar o reforzar conocimientos para impulsar sus negocios, esta vez, divididas en tres ciclos que tendr\u00e1n como ejes centrales a las redes sociales, la fotograf\u00eda y el c\u00e1lculo de precios y costos.<\/p>\n<p><a href=\"https:\/\/primicias2262.com\/wp-content\/uploads\/2022\/10\/Placa-1.png\"><img loading=\"lazy\" decoding=\"async\" class=\"alignleft size-medium wp-image-94695\" src=\"https:\/\/primicias2262.com\/wp-content\/uploads\/2022\/10\/Placa-1-300x300.png\" alt=\"\" width=\"300\" height=\"300\" \/><\/a><a href=\"https:\/\/primicias2262.com\/wp-content\/uploads\/2022\/10\/Placa-2.png\"><img loading=\"lazy\" decoding=\"async\" class=\"alignright size-medium wp-image-94696\" src=\"https:\/\/primicias2262.com\/wp-content\/uploads\/2022\/10\/Placa-2-300x300.png\" alt=\"\" width=\"300\" height=\"300\" \/><\/a><\/p>\n<p>&nbsp;<\/p>\n<p>&nbsp;<\/p>\n<p>&nbsp;<\/p>\n<p>&nbsp;<\/p>\n<p>&nbsp;<\/p>\n<p>&nbsp;<\/p>\n<p>&nbsp;<\/p>\n<p>Los primeros dos talleres estar\u00e1n conformados por un par de jornadas te\u00f3rico pr\u00e1cticas, mientras que el tercero se desarrollar\u00e1 mediante una \u00fanica clase de dos horas de duraci\u00f3n; todos con realizaci\u00f3n efectiva en el Sal\u00f3n de Actos de la Municipalidad de Necochea y encargando la disertaci\u00f3n a reconocidos profesionales de nuestro medio.<\/p>\n<p><a href=\"https:\/\/primicias2262.com\/wp-content\/uploads\/2022\/10\/Placa-3.png\"><img loading=\"lazy\" decoding=\"async\" class=\"alignright size-medium wp-image-94697\" src=\"https:\/\/primicias2262.com\/wp-content\/uploads\/2022\/10\/Placa-3-300x300.png\" alt=\"\" width=\"300\" height=\"300\" \/><\/a>En orden, el curso intensivo \u201cRedes Sociales para Emprendedores\u201d se llevar\u00e1 a cabo entre los pr\u00f3ximos mi\u00e9rcoles 2 y viernes 4 de noviembre, de 17 a 19, con un temario que recorrer\u00e1 los siguientes puntos: Mi perfil digital en IG; Planeando mi comunicaci\u00f3n; Tips de armado y publicaci\u00f3n; Feed, Historias y Reels; Publicidad; y Cat\u00e1logos.<\/p>\n<p>Para anotarse en este taller, que ser\u00e1 dictado por el dise\u00f1ador gr\u00e1fico Ezequiel Herrada y que tiene por objetivo ayudar a crear un perfil digital del emprendimiento, planear una mejor comunicaci\u00f3n y ofrecer nociones de publicidad y lectura de estad\u00edsticas para terminar de armar un cat\u00e1logo propio, los interesados deber\u00e1n completar un formulario ingresando en\u00a0<a href=\"https:\/\/forms.gle\/UrzidB8uF7uXfteE8\">https:\/\/forms.gle\/UrzidB8uF7uXfteE8<\/a>.<\/p>\n<p>\u201cFotograf\u00eda para redes\u201d se estar\u00e1 dictando el mi\u00e9rcoles 9 y el viernes 11 del mismo mes, en igual horario. A cargo del comunicador visual Lisandro Badie, durante sendos encuentros se abarcar\u00e1n distintas tem\u00e1ticas de importancia a la hora de confeccionar la imagen de un producto o marca.<\/p>\n<p>Comunicando con la imagen; Foto Producto usando tu celular; Encuadre, iluminaci\u00f3n y estilos; Aplicaciones para editar tus fotos; y Profesionaliz\u00e1 tu catalogo ser\u00e1n las cinco unidades a recorrer para aprender a crear un cat\u00e1logo digital competitivo y profesional.<\/p>\n<p>Quienes tengan la intenci\u00f3n de formar parte de esta capacitaci\u00f3n, para la que no se requieren conocimientos previos, \u201csolamente tu celu, tu producto y ganas de aprender\u201d, de acuerdo a lo informado por la Direcci\u00f3n de Emprendimientos y Pymes, ya pueden formular su acreditaci\u00f3n al evento ingresando en\u00a0<a href=\"https:\/\/forms.gle\/k1Da41L1zQQvrpdQA\">https:\/\/forms.gle\/k1Da41L1zQQvrpdQA<\/a>.<\/p>\n<p>El \u00faltimo de esta serie de cursos ser\u00e1 \u201cC\u00f3mo calcular el precio de tus productos\u201d y se desarrollar\u00e1 el jueves 10 de noviembre, quedando abierto el link\u00a0<a href=\"https:\/\/forms.gle\/ZQsJ941bjgqYdKfK8\">https:\/\/forms.gle\/ZQsJ941bjgqYdKfK8<\/a>\u00a0para formular la inscripci\u00f3n.<\/p>\n<p>La capacitaci\u00f3n ser\u00e1 dictada por la\u00a0contadora Luc\u00eda Teerink y rondar\u00e1 en torno a los siguientes conceptos: \u00bfQu\u00e9 debo tener en cuenta?; Costos fijos y variables; C\u00e1lculo\u00a0del margen de ganancia; Tips para minimizar costos; y una clausura pr\u00e1ctica en la que los emprendedores podr\u00e1n hacerse con su propia planilla de costos.<\/p>\n<p>&nbsp;<\/p>\n","protected":false},"excerpt":{"rendered":"<p>Organizadas por la Direcci\u00f3n de Emprendimientos y Pymes estar\u00e1n abiertas a toda la comunidad y se tendr\u00e1n desarrollo en el Sal\u00f3n de Actos municipal. En esta oportunidad se dictar\u00e1n los cursos \u201cRedes Sociales para Emprendedores\u201d, \u201cFotograf\u00eda para redes\u201d y \u201cC\u00f3mo calcular el precio de tus productos\u201d. La Secretar\u00eda de Turismo y Desarrollo Productivo organiza una [&hellip;]<\/p>\n","protected":false},"author":3,"featured_media":94699,"comment_status":"closed","ping_status":"closed","sticky":false,"template":"","format":"standard","meta":{"footnotes":""},"categories":[3],"tags":[],"class_list":["post-94694","post","type-post","status-publish","format-standard","has-post-thumbnail","category-masnoticias"],"_links":{"self":[{"href":"https:\/\/primicias2262.com\/noticias\/wp-json\/wp\/v2\/posts\/94694","targetHints":{"allow":["GET"]}}],"collection":[{"href":"https:\/\/primicias2262.com\/noticias\/wp-json\/wp\/v2\/posts"}],"about":[{"href":"https:\/\/primicias2262.com\/noticias\/wp-json\/wp\/v2\/types\/post"}],"author":[{"embeddable":true,"href":"https:\/\/primicias2262.com\/noticias\/wp-json\/wp\/v2\/users\/3"}],"replies":[{"embeddable":true,"href":"https:\/\/primicias2262.com\/noticias\/wp-json\/wp\/v2\/comments?post=94694"}],"version-history":[{"count":0,"href":"https:\/\/primicias2262.com\/noticias\/wp-json\/wp\/v2\/posts\/94694\/revisions"}],"wp:attachment":[{"href":"https:\/\/primicias2262.com\/noticias\/wp-json\/wp\/v2\/media?parent=94694"}],"wp:term":[{"taxonomy":"category","embeddable":true,"href":"https:\/\/primicias2262.com\/noticias\/wp-json\/wp\/v2\/categories?post=94694"},{"taxonomy":"post_tag","embeddable":true,"href":"https:\/\/primicias2262.com\/noticias\/wp-json\/wp\/v2\/tags?post=94694"}],"curies":[{"name":"wp","href":"https:\/\/api.w.org\/{rel}","templated":true}]}}