{"id":94719,"date":"2022-10-27T11:34:35","date_gmt":"2022-10-27T14:34:35","guid":{"rendered":"https:\/\/primicias2262.com\/?p=94719"},"modified":"2022-10-27T11:34:35","modified_gmt":"2022-10-27T14:34:35","slug":"secuestraron-dos-motos-durante-operativos-policiales-realizados-en-la-via-publica","status":"publish","type":"post","link":"https:\/\/primicias2262.com\/noticias\/secuestraron-dos-motos-durante-operativos-policiales-realizados-en-la-via-publica\/","title":{"rendered":"Secuestraron dos motos durante operativos policiales realizados en la v\u00eda publica"},"content":{"rendered":"<p>En operativos de interceptaci\u00f3n vehicular llevados a cabo por personal de la DDI Necochea se procedi\u00f3 al secuestro de dos motos sobre las cuales pesaba pedido de secuestro activo en el marco de distintas causas.<\/p>\n<p>El primero de ellos fue llevado a cabo en calle 85 entre 102 y 104, donde se secuestr\u00f3 un motoveh\u00edculo marca Corven Energy 110, sin dominio colocado, que posee Secuestro Activo desde el pasado 13 de octubre en el marco de causa caratulada como \u00abhurto\u00bb con intervenci\u00f3n de la UFI N\u00b0 3.<\/p>\n<p>En tanto, en la misma intersecci\u00f3n de calles, fue secuestrado un motoveh\u00edculo marca Brava Nevada 110cc, sin dominio colocado, el cual posee Secuestro Activo desde el 9 de agosto de este\u00a0 en el marco de causa caratulada como \u00abrobo\u00bb con intervenci\u00f3n de la UFI N\u00ba 3.<\/p>\n<p>Los conductores de ambos rodados, de 20 y 17 a\u00f1os respectivamente, conductores de los rodados, fueron notificados de la formaci\u00f3n de causa por el delito de \u00abencubrimiento\u00bb, sin medida restrictiva de libertad.<\/p>\n","protected":false},"excerpt":{"rendered":"<p>En operativos de interceptaci\u00f3n vehicular llevados a cabo por personal de la DDI Necochea se procedi\u00f3 al secuestro de dos motos sobre las cuales pesaba pedido de secuestro activo en el marco de distintas causas. El primero de ellos fue llevado a cabo en calle 85 entre 102 y 104, donde se secuestr\u00f3 un motoveh\u00edculo [&hellip;]<\/p>\n","protected":false},"author":3,"featured_media":94720,"comment_status":"closed","ping_status":"closed","sticky":false,"template":"","format":"standard","meta":{"footnotes":""},"categories":[3],"tags":[],"class_list":["post-94719","post","type-post","status-publish","format-standard","has-post-thumbnail","category-masnoticias"],"_links":{"self":[{"href":"https:\/\/primicias2262.com\/noticias\/wp-json\/wp\/v2\/posts\/94719","targetHints":{"allow":["GET"]}}],"collection":[{"href":"https:\/\/primicias2262.com\/noticias\/wp-json\/wp\/v2\/posts"}],"about":[{"href":"https:\/\/primicias2262.com\/noticias\/wp-json\/wp\/v2\/types\/post"}],"author":[{"embeddable":true,"href":"https:\/\/primicias2262.com\/noticias\/wp-json\/wp\/v2\/users\/3"}],"replies":[{"embeddable":true,"href":"https:\/\/primicias2262.com\/noticias\/wp-json\/wp\/v2\/comments?post=94719"}],"version-history":[{"count":0,"href":"https:\/\/primicias2262.com\/noticias\/wp-json\/wp\/v2\/posts\/94719\/revisions"}],"wp:attachment":[{"href":"https:\/\/primicias2262.com\/noticias\/wp-json\/wp\/v2\/media?parent=94719"}],"wp:term":[{"taxonomy":"category","embeddable":true,"href":"https:\/\/primicias2262.com\/noticias\/wp-json\/wp\/v2\/categories?post=94719"},{"taxonomy":"post_tag","embeddable":true,"href":"https:\/\/primicias2262.com\/noticias\/wp-json\/wp\/v2\/tags?post=94719"}],"curies":[{"name":"wp","href":"https:\/\/api.w.org\/{rel}","templated":true}]}}