{"id":94734,"date":"2022-10-27T17:04:19","date_gmt":"2022-10-27T20:04:19","guid":{"rendered":"https:\/\/primicias2262.com\/?p=94734"},"modified":"2022-10-27T17:04:19","modified_gmt":"2022-10-27T20:04:19","slug":"la-anses-inscribe-hasta-el-4-de-noviembre-para-el-refuerzo-alimentario","status":"publish","type":"post","link":"https:\/\/primicias2262.com\/noticias\/la-anses-inscribe-hasta-el-4-de-noviembre-para-el-refuerzo-alimentario\/","title":{"rendered":"La ANSES inscribe hasta el 4 de noviembre para el Refuerzo Alimentario"},"content":{"rendered":"<p>El titular de ANSES en Necochea, Esteban D\u00edaz, dio detalles sobre c\u00f3mo viene la inscripci\u00f3n al Refuerzo Alimentario para Adultos, lo que demostr\u00f3 una gran afluencia de p\u00fablico en las oficinas de Necochea y Quequ\u00e9n durante esta primera semana. La inscripci\u00f3n es hasta el viernes 4 de noviembre y empieza a percibirse a partir del 14 del mismo mes.<\/p>\n<p>En contacto telef\u00f3nico con \u201cVoces de la Ciudad\u201d, y tras ser consultado por el periodista Jorge G\u00f3mez, D\u00edaz asegur\u00f3 que \u201catendimos a m\u00e1s de 500 personas durante lunes y martes, y quedaron m\u00e1s de 100 anotados\u201d, aclarando que el desfasaje entre un n\u00famero y el otro tiene que ver con la medida restrictiva que tiene este bono en particular.<\/p>\n<p>\u201cPara recibir este beneficio del Refuerzo Alimentario de ANSES, a diferencia de bonos anteriores es mucho m\u00e1s restrictivo\u2026 este est\u00e1 pensado para la gente que est\u00e1 absolutamente afuera de todo, es decir, para la poblaci\u00f3n m\u00e1s relegada de todas, que no tiene ayuda estatal de ning\u00fan tipo, ni municipal, provincial o nacional\u201d, explic\u00f3 al respecto.<\/p>\n<p>Por ejemplo, \u201cno te pod\u00e9s anotar si hay un ingreso, si registr\u00e1s alg\u00fan beneficio o alg\u00fan movimiento bancario en los \u00faltimos dos meses, o si ten\u00e9s movimiento con tarjeta de cr\u00e9dito o d\u00e9bito autom\u00e1ticamente te deja afuera\u201d, acot\u00f3.<\/p>\n<p>De todas formas, \u201csigue vigente la inscripci\u00f3n hasta el viernes de la semana que viene y a partir del 14 de noviembre se va a empezar a pagar. Estamos de 8.30 a 14.30, tanto en Necochea como en Quequ\u00e9n\u201d, inform\u00f3 D\u00edaz.<\/p>\n<p>Se recuerda en tal sentido que la inscripci\u00f3n contin\u00faa tanto en forma presencial en oficinas y en la web de ANSES durante las pr\u00f3ximas semanas.<\/p>\n<p><strong>\u00bfQUI\u00c9NES PUEDEN INSCRIBIRSE AL REFUERZO ALIMENTARIO?<\/strong><br \/>\nAquellas personas que no cuenten con trabajo registrado (en relaci\u00f3n de dependencia, aut\u00f3nomos, de casas particulares, monotributistas o monotributistas sociales) y que no se encuentren percibiendo:<br \/>\n&#8211; Jubilaci\u00f3n y\/o pensi\u00f3n contributiva o no contributiva (tanto nacionales como provinciales y municipales)<br \/>\n&#8211; Prestaci\u00f3n por Desempleo<br \/>\n&#8211; Potenciar Trabajo<br \/>\n&#8211; Beca Progresar<br \/>\n&#8211; Asignaci\u00f3n por Embarazo para Protecci\u00f3n Social<br \/>\n&#8211; Programas sociales (tanto nacionales como provinciales o municipales) o quienes tengan hijas y\/o hijos que perciban la Asignaci\u00f3n Universal por Hija e Hijo o Salario Familiar.<\/p>\n","protected":false},"excerpt":{"rendered":"<p>El titular de ANSES en Necochea, Esteban D\u00edaz, dio detalles sobre c\u00f3mo viene la inscripci\u00f3n al Refuerzo Alimentario para Adultos, lo que demostr\u00f3 una gran afluencia de p\u00fablico en las oficinas de Necochea y Quequ\u00e9n durante esta primera semana. La inscripci\u00f3n es hasta el viernes 4 de noviembre y empieza a percibirse a partir del [&hellip;]<\/p>\n","protected":false},"author":3,"featured_media":89189,"comment_status":"closed","ping_status":"closed","sticky":false,"template":"","format":"standard","meta":{"footnotes":""},"categories":[3],"tags":[],"class_list":["post-94734","post","type-post","status-publish","format-standard","has-post-thumbnail","category-masnoticias"],"_links":{"self":[{"href":"https:\/\/primicias2262.com\/noticias\/wp-json\/wp\/v2\/posts\/94734","targetHints":{"allow":["GET"]}}],"collection":[{"href":"https:\/\/primicias2262.com\/noticias\/wp-json\/wp\/v2\/posts"}],"about":[{"href":"https:\/\/primicias2262.com\/noticias\/wp-json\/wp\/v2\/types\/post"}],"author":[{"embeddable":true,"href":"https:\/\/primicias2262.com\/noticias\/wp-json\/wp\/v2\/users\/3"}],"replies":[{"embeddable":true,"href":"https:\/\/primicias2262.com\/noticias\/wp-json\/wp\/v2\/comments?post=94734"}],"version-history":[{"count":0,"href":"https:\/\/primicias2262.com\/noticias\/wp-json\/wp\/v2\/posts\/94734\/revisions"}],"wp:attachment":[{"href":"https:\/\/primicias2262.com\/noticias\/wp-json\/wp\/v2\/media?parent=94734"}],"wp:term":[{"taxonomy":"category","embeddable":true,"href":"https:\/\/primicias2262.com\/noticias\/wp-json\/wp\/v2\/categories?post=94734"},{"taxonomy":"post_tag","embeddable":true,"href":"https:\/\/primicias2262.com\/noticias\/wp-json\/wp\/v2\/tags?post=94734"}],"curies":[{"name":"wp","href":"https:\/\/api.w.org\/{rel}","templated":true}]}}