{"id":94736,"date":"2022-10-28T15:37:51","date_gmt":"2022-10-28T18:37:51","guid":{"rendered":"https:\/\/primicias2262.com\/?p=94736"},"modified":"2022-10-28T15:37:51","modified_gmt":"2022-10-28T18:37:51","slug":"desde-obras-publicas-se-preparan-para-el-verano-con-50-pozos-de-agua-activos","status":"publish","type":"post","link":"https:\/\/primicias2262.com\/noticias\/desde-obras-publicas-se-preparan-para-el-verano-con-50-pozos-de-agua-activos\/","title":{"rendered":"Desde Obras P\u00fablicas se preparan para el verano con 50 pozos de agua activos"},"content":{"rendered":"<p>A trav\u00e9s de una nota telef\u00f3nica en \u201cVoces de la Ciudad\u201d, el director de Infraestructura, Marcelo G\u00f3mez, explic\u00f3 c\u00f3mo se prepara la comuna para dar respuesta con la provisi\u00f3n de la red de agua potable a una poblaci\u00f3n que se multiplica durante los meses de temporada, y con el fin de evitar cortes en el servicio como en a\u00f1os anteriores.<\/p>\n<p>Ante la consulta del periodista Jorge G\u00f3mez, el funcionario inform\u00f3 que \u201cvenimos acomodando todos los pozos que han tenido alg\u00fan desperfecto durante el a\u00f1o y est\u00e1n todos activos y en condiciones, y vamos a tener un verano en el que vamos a estar bien con el agua\u201d.<\/p>\n<p>Tal como hab\u00eda anticipado tambi\u00e9n en \u201cVoces de la Ciudad\u201d el secretario de Obras P\u00fablicas, Adri\u00e1n Furno, G\u00f3mez apunt\u00f3 que \u201cel 22 de noviembre hay una licitaci\u00f3n p\u00fablica por dos nuevos pozos, la idea es tenerlos entre fines de diciembre y principios de enero ya construidos. Uno estar\u00e1 en 42 y 47 y otro en 523 y 514, en zona de Seis Esquinas, dos lugares que nos han marcado en la \u00e9poca estival que tenemos m\u00e1s baja presi\u00f3n\u201d.<\/p>\n<p><strong>Nota de referencia al respecto:<\/strong> A prop\u00f3sito de lo comentado por G\u00f3mez, d\u00edas atr\u00e1s Adri\u00e1n Furno en una extensa nota en \u201cVoces de la Ciudad\u201d hab\u00eda anticipado que implementar\u00edan dos bombas para pozos de emergencia para el verano m\u00e1s dos pozos nuevos, \u201cpara no seguir alquilando motores para los pozos\u201d.<\/p>\n<p>Sobre el tema adelant\u00f3 que \u201ctenemos la adquisici\u00f3n de las dos bombas con la instalaci\u00f3n el\u00e9ctrica por parte de la Usina; todo eso est\u00e1 licitado y la construcci\u00f3n ser\u00e1 en 514 y 523; y en 42 y 57, que son los dos lugares donde tuvimos problemas durante el verano y lo vamos a hacer con recursos propios\u201d. De esa forma, \u201ctenemos 50 pozos en funcionamiento actualmente, para Arturo (Rojas) el agua es una de las prioridades, e incluso y tenemos un proyecto de telemetr\u00eda con ENOHSA (Ente Nacional de Obras H\u00eddricas y Saneamiento) para tener un control de cada pozo minuto a minuto\u201d.<\/p>\n","protected":false},"excerpt":{"rendered":"<p>A trav\u00e9s de una nota telef\u00f3nica en \u201cVoces de la Ciudad\u201d, el director de Infraestructura, Marcelo G\u00f3mez, explic\u00f3 c\u00f3mo se prepara la comuna para dar respuesta con la provisi\u00f3n de la red de agua potable a una poblaci\u00f3n que se multiplica durante los meses de temporada, y con el fin de evitar cortes en el [&hellip;]<\/p>\n","protected":false},"author":3,"featured_media":94737,"comment_status":"closed","ping_status":"closed","sticky":false,"template":"","format":"standard","meta":{"footnotes":""},"categories":[3],"tags":[],"class_list":["post-94736","post","type-post","status-publish","format-standard","has-post-thumbnail","category-masnoticias"],"_links":{"self":[{"href":"https:\/\/primicias2262.com\/noticias\/wp-json\/wp\/v2\/posts\/94736","targetHints":{"allow":["GET"]}}],"collection":[{"href":"https:\/\/primicias2262.com\/noticias\/wp-json\/wp\/v2\/posts"}],"about":[{"href":"https:\/\/primicias2262.com\/noticias\/wp-json\/wp\/v2\/types\/post"}],"author":[{"embeddable":true,"href":"https:\/\/primicias2262.com\/noticias\/wp-json\/wp\/v2\/users\/3"}],"replies":[{"embeddable":true,"href":"https:\/\/primicias2262.com\/noticias\/wp-json\/wp\/v2\/comments?post=94736"}],"version-history":[{"count":0,"href":"https:\/\/primicias2262.com\/noticias\/wp-json\/wp\/v2\/posts\/94736\/revisions"}],"wp:attachment":[{"href":"https:\/\/primicias2262.com\/noticias\/wp-json\/wp\/v2\/media?parent=94736"}],"wp:term":[{"taxonomy":"category","embeddable":true,"href":"https:\/\/primicias2262.com\/noticias\/wp-json\/wp\/v2\/categories?post=94736"},{"taxonomy":"post_tag","embeddable":true,"href":"https:\/\/primicias2262.com\/noticias\/wp-json\/wp\/v2\/tags?post=94736"}],"curies":[{"name":"wp","href":"https:\/\/api.w.org\/{rel}","templated":true}]}}