{"id":94739,"date":"2022-10-28T15:41:33","date_gmt":"2022-10-28T18:41:33","guid":{"rendered":"https:\/\/primicias2262.com\/?p=94739"},"modified":"2022-10-28T15:41:33","modified_gmt":"2022-10-28T18:41:33","slug":"en-respuesta-a-halloween-el-consejo-pastoral-organiza-el-festejo-octubrillante","status":"publish","type":"post","link":"https:\/\/primicias2262.com\/noticias\/en-respuesta-a-halloween-el-consejo-pastoral-organiza-el-festejo-octubrillante\/","title":{"rendered":"En respuesta a Halloween, el Consejo Pastoral organiza el festejo \u201cOctubrillante\u201d"},"content":{"rendered":"<p>Ser\u00e1 este domingo 30 de octubre de 15 a 18 en la Plaza Dardo Rocha con el objetivo de \u201cfestejar la vida y la luz\u201d, con juegos para toda la familia, regalos, stand de ropas, calzados y alimentos que se entregar\u00e1n sin costo, refrigerio, tortas y un escenario con bandas en vivo y obras de teatro.<\/p>\n<p>Acerca de esta movida contaron detalles en los estudios de \u201cVoces de la Ciudad\u201d, Mauricio Valentini y Gimena Igoldi, quienes integran el ministerio del Centro Cristiano Palabra y Fuego, a su vez componente del Consejo pastoral Necochea \u2013 Quequ\u00e9n, que es el que organiza e invita a la celebraci\u00f3n del Octubrillante.<\/p>\n<p>Ante la consulta del periodista Jorge G\u00f3mez de qu\u00e9 se trata la celebraci\u00f3n, en primer t\u00e9rmino Gimena Igoldi aclar\u00f3 que \u201cnosotros festejamos la fiesta de la luz, contrario a Halloween\u201d, es decir, \u201cqueremos concientizar a ni\u00f1os y familias en que puedan festejar la luz y la oscuridad, porque sabemos que en Halloween se festeja el terror y el miedo\u201d.<\/p>\n<p>Se\u00f1al\u00f3 acto seguido que \u201cse sigue una moda y se traen cosas que no le hacen bien a nuestros hijos, entonces buscamos familias saludables como iglesia evang\u00e9lica y queremos darles otra opci\u00f3n. Antes de quejarnos y no hacer nada, queremos darle la opci\u00f3n de hacer otra cosa, que festejen la luz y la vida, y vamos a hacer algo divertido\u201d.<\/p>\n<p>Por su parte, Mauricio Valentini aport\u00f3 que \u201ces una fiesta que se hace ya hace unos a\u00f1os en diferentes pa\u00edses, y en Necochea se hizo el a\u00f1o pasado en la plaza tambi\u00e9n. La propuesta es invitar a toda la gente a que concurra y participen de esta fiesta que ser\u00e1 transformadora. Habr\u00e1 un escenario, escenograf\u00eda, y los stands ser\u00e1n gratuitos, las cosas no se vender\u00e1n\u201d, aclar\u00f3.<\/p>\n<p>En ese aspecto, Igoldi agreg\u00f3 que \u201ctodo lo que se har\u00e1 en Octubrillante ser\u00e1 totalmente gratuito, se dar\u00e1n tortas para compartir la merienda, jugos, alimento, ropa y calzado para los que est\u00e9n necesitando, y los juegos tambi\u00e9n ser\u00e1n gratuitos, y habr\u00e1 adem\u00e1s maquillaje art\u00edstico\u201d.<\/p>\n<p>Por \u00faltimo, anticiparon que el cierre lo van a hacer los j\u00f3venes con una obra de teatro y una banda de m\u00fasica que se llama Contracultura. \u201cDesde las iglesias se hace todo un trabajo en la ciudad con diferentes actividades, tratando de recuperar valores que se nos van perdiendo, y entendemos que esa es la tarea de la iglesia y de la familia, de acompa\u00f1ar a la juventud y contener a los adultos mayores\u201d, complet\u00f3 Valentini.<\/p>\n","protected":false},"excerpt":{"rendered":"<p>Ser\u00e1 este domingo 30 de octubre de 15 a 18 en la Plaza Dardo Rocha con el objetivo de \u201cfestejar la vida y la luz\u201d, con juegos para toda la familia, regalos, stand de ropas, calzados y alimentos que se entregar\u00e1n sin costo, refrigerio, tortas y un escenario con bandas en vivo y obras de [&hellip;]<\/p>\n","protected":false},"author":3,"featured_media":94740,"comment_status":"closed","ping_status":"closed","sticky":false,"template":"","format":"standard","meta":{"footnotes":""},"categories":[3],"tags":[],"class_list":["post-94739","post","type-post","status-publish","format-standard","has-post-thumbnail","category-masnoticias"],"_links":{"self":[{"href":"https:\/\/primicias2262.com\/noticias\/wp-json\/wp\/v2\/posts\/94739","targetHints":{"allow":["GET"]}}],"collection":[{"href":"https:\/\/primicias2262.com\/noticias\/wp-json\/wp\/v2\/posts"}],"about":[{"href":"https:\/\/primicias2262.com\/noticias\/wp-json\/wp\/v2\/types\/post"}],"author":[{"embeddable":true,"href":"https:\/\/primicias2262.com\/noticias\/wp-json\/wp\/v2\/users\/3"}],"replies":[{"embeddable":true,"href":"https:\/\/primicias2262.com\/noticias\/wp-json\/wp\/v2\/comments?post=94739"}],"version-history":[{"count":0,"href":"https:\/\/primicias2262.com\/noticias\/wp-json\/wp\/v2\/posts\/94739\/revisions"}],"wp:attachment":[{"href":"https:\/\/primicias2262.com\/noticias\/wp-json\/wp\/v2\/media?parent=94739"}],"wp:term":[{"taxonomy":"category","embeddable":true,"href":"https:\/\/primicias2262.com\/noticias\/wp-json\/wp\/v2\/categories?post=94739"},{"taxonomy":"post_tag","embeddable":true,"href":"https:\/\/primicias2262.com\/noticias\/wp-json\/wp\/v2\/tags?post=94739"}],"curies":[{"name":"wp","href":"https:\/\/api.w.org\/{rel}","templated":true}]}}