{"id":94744,"date":"2022-10-28T16:02:35","date_gmt":"2022-10-28T19:02:35","guid":{"rendered":"https:\/\/primicias2262.com\/?p=94744"},"modified":"2022-10-28T16:02:35","modified_gmt":"2022-10-28T19:02:35","slug":"firmaran-convenio-para-la-creacion-del-centro-de-extension-universitaria-con-la-unmdp","status":"publish","type":"post","link":"https:\/\/primicias2262.com\/noticias\/firmaran-convenio-para-la-creacion-del-centro-de-extension-universitaria-con-la-unmdp\/","title":{"rendered":"Firmar\u00e1n convenio para la creaci\u00f3n del Centro de Extensi\u00f3n Universitaria con la UNMdP"},"content":{"rendered":"<p><strong>Se estampar\u00e1 la r\u00fabrica en las pr\u00f3ximas semanas con la casa de estudios universitaria de Mar del Plata, seg\u00fan lo que se decidi\u00f3 tras una reuni\u00f3n con autoridades de la misma en la vecina ciudad y de la que por el municipio formaron parte la secretaria de Desarrollo Humano, Sandra Antrenucci, la directora de Educaci\u00f3n, Mariela Cellerino, y la directora Social, Patricia Britos<\/strong><\/p>\n<p>Funcionarias de la Secretar\u00eda de Desarrollo Humano y Pol\u00edticas Sociales, con su titular Sandra Antenucci a la cabeza de la comitiva, realizaron una visita institucional a la Universidad Nacional de Mar del Plata para avanzar en lo que ser\u00e1 en poco tiempo la firma de un convenio espec\u00edfico a trav\u00e9s del cual se crear\u00e1 un espacio en nuestra ciudad que le sirva de consulta a los estudiantes que quieran ir a formarse acad\u00e9micamente a la vecina ciudad.<\/p>\n<p>En s\u00ed, la idea es que haya en el distrito un lugar determinado, a convenir entre las partes, con atenci\u00f3n todos los d\u00edas y de acuerdo a las propuestas educativas que tiene Mar del Plata para seducir. All\u00ed se disipar\u00e1n dudas que surjan como puede ser los per\u00edodos de inscripci\u00f3n, per\u00edodos de ingreso con la documentaci\u00f3n a presentar, cursos de ingresos en cada carrera, becas disponibles, entre otras informaciones de relevancia para los interesados.<\/p>\n<p>Esto que se denomina CEU (Centro de Extensi\u00f3n Universitaria) estar\u00e1 conformado por un docente y un becario, quienes m\u00e1s all\u00e1 de estar disponibles para ofrecer las carreras universitarias, tambi\u00e9n ir\u00e1n a dar charlas a escuelas p\u00fablicas para dar una orientaci\u00f3n vocacional.<\/p>\n<p>Al mismo tiempo, y dentro del acuerdo, se podr\u00e1n hacer relevamientos de problem\u00e1ticas territoriales que hay en nuestro medio con el aporte de los estudiantes de dicha universidad.<\/p>\n<p>Adem\u00e1s, en el c\u00f3nclave del que tambi\u00e9n formaron parte las directoras de Educaci\u00f3n y Social, Mariela Cellerino y Patricia Britos respectivamente, se prosper\u00f3 en que estudiantes universitarios puedan realizar sus pr\u00e1cticas sociocomunitarias en nuestra ciudad.<\/p>\n<p>En representaci\u00f3n de la UNMdP, en tanto, estuvieron la secretaria de Extensi\u00f3n, Laura Tej\u00f3n; el subsecretario de Articulaci\u00f3n Comunitaria, Pablo Zelaya Blanco y el coordinador de los Centros de Extensi\u00f3n Universitaria (Ceu), Facundo \u00c1lvarez.<\/p>\n","protected":false},"excerpt":{"rendered":"<p>Se estampar\u00e1 la r\u00fabrica en las pr\u00f3ximas semanas con la casa de estudios universitaria de Mar del Plata, seg\u00fan lo que se decidi\u00f3 tras una reuni\u00f3n con autoridades de la misma en la vecina ciudad y de la que por el municipio formaron parte la secretaria de Desarrollo Humano, Sandra Antrenucci, la directora de Educaci\u00f3n, [&hellip;]<\/p>\n","protected":false},"author":3,"featured_media":94745,"comment_status":"closed","ping_status":"closed","sticky":false,"template":"","format":"standard","meta":{"footnotes":""},"categories":[3],"tags":[],"class_list":["post-94744","post","type-post","status-publish","format-standard","has-post-thumbnail","category-masnoticias"],"_links":{"self":[{"href":"https:\/\/primicias2262.com\/noticias\/wp-json\/wp\/v2\/posts\/94744","targetHints":{"allow":["GET"]}}],"collection":[{"href":"https:\/\/primicias2262.com\/noticias\/wp-json\/wp\/v2\/posts"}],"about":[{"href":"https:\/\/primicias2262.com\/noticias\/wp-json\/wp\/v2\/types\/post"}],"author":[{"embeddable":true,"href":"https:\/\/primicias2262.com\/noticias\/wp-json\/wp\/v2\/users\/3"}],"replies":[{"embeddable":true,"href":"https:\/\/primicias2262.com\/noticias\/wp-json\/wp\/v2\/comments?post=94744"}],"version-history":[{"count":0,"href":"https:\/\/primicias2262.com\/noticias\/wp-json\/wp\/v2\/posts\/94744\/revisions"}],"wp:attachment":[{"href":"https:\/\/primicias2262.com\/noticias\/wp-json\/wp\/v2\/media?parent=94744"}],"wp:term":[{"taxonomy":"category","embeddable":true,"href":"https:\/\/primicias2262.com\/noticias\/wp-json\/wp\/v2\/categories?post=94744"},{"taxonomy":"post_tag","embeddable":true,"href":"https:\/\/primicias2262.com\/noticias\/wp-json\/wp\/v2\/tags?post=94744"}],"curies":[{"name":"wp","href":"https:\/\/api.w.org\/{rel}","templated":true}]}}