{"id":94760,"date":"2022-10-29T19:58:20","date_gmt":"2022-10-29T22:58:20","guid":{"rendered":"https:\/\/primicias2262.com\/?p=94760"},"modified":"2022-10-29T19:58:20","modified_gmt":"2022-10-29T22:58:20","slug":"ahora-vamos-a-poder-trabajar-y-emparejar-un-poco-destaco-giorello-tras-las-lluvias","status":"publish","type":"post","link":"https:\/\/primicias2262.com\/noticias\/ahora-vamos-a-poder-trabajar-y-emparejar-un-poco-destaco-giorello-tras-las-lluvias\/","title":{"rendered":"\u201cAhora vamos a poder trabajar y emparejar un poco\u201d, destac\u00f3 Giorello tras las lluvias"},"content":{"rendered":"<p>El titular del Ente Vial, Sergio Giorello, coment\u00f3 en \u201cVoces de la Ciudad\u201d c\u00f3mo se redireccionar\u00e1n los trabajos en el \u00e1mbito rural y urbano luego de las lluvias registradas, las cuales fueron m\u00e1s intensas en el norte del distrito que en la propia ciudad cabecera.<\/p>\n<p>En di\u00e1logo con el periodista Jorge G\u00f3mez, Giorello reconoci\u00f3 que ante la sequ\u00eda \u201cest\u00e1bamos a la expectativa de las lluvias, en Claraz cayeron 42 mil\u00edmetros y en La Negra 33, pero en Necochea solo dos mil\u00edmetros y muy poco. Es bueno lo del norte del partido, estamos recorriendo y replanteando los entoscados, esto nos permite direccionar un poco la maquinaria para los caminos y calles y ahora s\u00ed vamos a poder trabajar y emparejar un poco\u201d.<\/p>\n<p>El ingeniero referenci\u00f3 que \u201cel entoscado est\u00e1 muy condicionado a los dos extremos, a la escasez y al exceso de humedad\u2026 as\u00ed que teniendo un poco de humedad ya podemos mandar a hacer el trabajo de la motoniveladora, que a veces con tanta seca se complica, empiezan a aparecer las piedras y se hace imposible para las motoniveladoras, pero una vez que llueve ah\u00ed nos permite lo que llamamos cortar y queda mucho m\u00e1s parejo\u201d.<\/p>\n<p>En cuanto a la parte rural, se\u00f1al\u00f3 que \u201cten\u00edamos un fuerte reclamo en el acceso a La Luisa y les explicamos que estamos esperando la lluvia, asimismo los entoscados La Dulce \u2013 Santamarina, La Dulce \u2013 Lumb y dem\u00e1s\u201d, tras lo cual apunt\u00f3 que \u201cahora con esta lluvia, y sobre todo en el norte del distrito que llovi\u00f3 un poco m\u00e1s, vamos a poder redireccionar las m\u00e1quinas y empezar a trabajar los entoscados, aunque en la cabecera del partido necesitamos un poco m\u00e1s\u201d.<\/p>\n<p>Precisamente, se refiri\u00f3 a la parte urbana al focalizar en el entoscado de Av. 58, desde 91 hasta que se une con la Av. 10: \u201cHace 10 d\u00edas empezamos a trabajar con motoniveladora, empezamos a levantar algo que es clave, no solo es el entoscado, sino que empezamos a hacer el camino de las cunetas y retirar las veredas porque es una mano que estaba muy perjudicada\u201d.<\/p>\n<p>Detall\u00f3 en ese sentido que \u201cdurante el invierno nos dio mucho trabajo porque hab\u00eda dos o tres cortes y hab\u00eda tres partes que se pon\u00edan imposibles, ven\u00edan los autos livianos y las camionetas y hasta se encajaban, pero ahora saliendo del invierno nos permiti\u00f3 conformar el alteo de ese camino de la 58 sobre 5700 metros y seis metro de ancho, que es clave para nosotros, es la obra base, y este lunes que pas\u00f3 empezamos con el entoscado propiamente dicho\u201d.<\/p>\n<p>\u201cEmpezamos con la mano que viene de la 10 al centro de la ciudad, lo estamos haciendo con combinaci\u00f3n de m\u00e1quinas nuestras, motoniveladora, compactadora y regador, y adem\u00e1s maquinaria contratada. Si sigue el buen clima estimamos que para fin de a\u00f1o ya lo tendr\u00edamos terminado al trabajo\u201d, culmin\u00f3 Giorello, aclarando a la pasada que \u201cel tr\u00e1nsito ha incrementado un mont\u00f3n en esa zona\u201d.<\/p>\n","protected":false},"excerpt":{"rendered":"<p>El titular del Ente Vial, Sergio Giorello, coment\u00f3 en \u201cVoces de la Ciudad\u201d c\u00f3mo se redireccionar\u00e1n los trabajos en el \u00e1mbito rural y urbano luego de las lluvias registradas, las cuales fueron m\u00e1s intensas en el norte del distrito que en la propia ciudad cabecera. En di\u00e1logo con el periodista Jorge G\u00f3mez, Giorello reconoci\u00f3 que [&hellip;]<\/p>\n","protected":false},"author":3,"featured_media":94761,"comment_status":"closed","ping_status":"closed","sticky":false,"template":"","format":"standard","meta":{"footnotes":""},"categories":[3],"tags":[],"class_list":["post-94760","post","type-post","status-publish","format-standard","has-post-thumbnail","category-masnoticias"],"_links":{"self":[{"href":"https:\/\/primicias2262.com\/noticias\/wp-json\/wp\/v2\/posts\/94760","targetHints":{"allow":["GET"]}}],"collection":[{"href":"https:\/\/primicias2262.com\/noticias\/wp-json\/wp\/v2\/posts"}],"about":[{"href":"https:\/\/primicias2262.com\/noticias\/wp-json\/wp\/v2\/types\/post"}],"author":[{"embeddable":true,"href":"https:\/\/primicias2262.com\/noticias\/wp-json\/wp\/v2\/users\/3"}],"replies":[{"embeddable":true,"href":"https:\/\/primicias2262.com\/noticias\/wp-json\/wp\/v2\/comments?post=94760"}],"version-history":[{"count":0,"href":"https:\/\/primicias2262.com\/noticias\/wp-json\/wp\/v2\/posts\/94760\/revisions"}],"wp:attachment":[{"href":"https:\/\/primicias2262.com\/noticias\/wp-json\/wp\/v2\/media?parent=94760"}],"wp:term":[{"taxonomy":"category","embeddable":true,"href":"https:\/\/primicias2262.com\/noticias\/wp-json\/wp\/v2\/categories?post=94760"},{"taxonomy":"post_tag","embeddable":true,"href":"https:\/\/primicias2262.com\/noticias\/wp-json\/wp\/v2\/tags?post=94760"}],"curies":[{"name":"wp","href":"https:\/\/api.w.org\/{rel}","templated":true}]}}