{"id":94773,"date":"2022-10-29T20:29:52","date_gmt":"2022-10-29T23:29:52","guid":{"rendered":"https:\/\/primicias2262.com\/?p=94773"},"modified":"2022-10-29T20:29:52","modified_gmt":"2022-10-29T23:29:52","slug":"provincia-envia-a-necochea-una-biblioteca-movil-y-un-show-de-tango","status":"publish","type":"post","link":"https:\/\/primicias2262.com\/noticias\/provincia-envia-a-necochea-una-biblioteca-movil-y-un-show-de-tango\/","title":{"rendered":"Provincia env\u00eda a Necochea una biblioteca m\u00f3vil y un show de Tango"},"content":{"rendered":"<p><strong>El encuentro, auspiciado por el Instituto Cultural bonaerense y organizado en nuestra ciudad por las direcciones de Cultura y Relaciones con la Comunidad y DDHH, llegar\u00e1 al Centro de Jubilados de Barrio Oeste el pr\u00f3ximo lunes 31 a partir de las 16, con la entrega de material de lectura variado.<\/strong><\/p>\n<p><strong> Desde las 19, para cerrar la jornada, se presentar\u00e1 el espect\u00e1culo musical del reconocido artista Jorge V\u00e1zquez en el Teatro Municipal.<\/strong><\/p>\n<p>En el marco del Mes de las Personas Mayores, el Instituto Cultural de la Provincia de Buenos Aires organiza shows e intervenciones art\u00edsticas en distintos municipios. En este aspecto, y por tal motivo, el lunes 31 de octubre habr\u00e1 actividad en el Centro de Jubilados Barrio Oeste y en el Teatro Municipal \u201cLuis Sandrini\u201d.<\/p>\n<p>Puntualmente, a las 16, y con la organizaci\u00f3n de las Direcciones de Cultura y Relaciones con la Comunidad y DDHH, se har\u00e1 entrega en la entidad mencionada, ubicada en calles 65 y 76, la biblioteca m\u00f3vil, con un variado material de lectura.<\/p>\n<p>En tanto que a las 19, el reconocido cantante de tango Jorge V\u00e1zquez brindar\u00e1 un espect\u00e1culo para adultos mayores en teatro de calle 54 casi 63, con entrada libre y gratuita y abierta a la comunidad.<\/p>\n<p>Cabe decir que, adem\u00e1s de Necochea, los municipios que se ver\u00e1n beneficiados con esta iniciativa son Berisso, Ensenada, Berazategui, Brandsen, San Vicente, Florencio Varela, Coronel Su\u00e1rez, General La Madrid, Tapalqu\u00e9, Bol\u00edvar, 25 de Mayo y Roque P\u00e9rez.<\/p>\n<p>El objetivo, vale resaltar tambi\u00e9n, es sensibilizar y concientizar sobre los derechos de los mayores y su lugar en la sociedad.<\/p>\n","protected":false},"excerpt":{"rendered":"<p>El encuentro, auspiciado por el Instituto Cultural bonaerense y organizado en nuestra ciudad por las direcciones de Cultura y Relaciones con la Comunidad y DDHH, llegar\u00e1 al Centro de Jubilados de Barrio Oeste el pr\u00f3ximo lunes 31 a partir de las 16, con la entrega de material de lectura variado. Desde las 19, para cerrar [&hellip;]<\/p>\n","protected":false},"author":3,"featured_media":94774,"comment_status":"closed","ping_status":"closed","sticky":false,"template":"","format":"standard","meta":{"footnotes":""},"categories":[3],"tags":[],"class_list":["post-94773","post","type-post","status-publish","format-standard","has-post-thumbnail","category-masnoticias"],"_links":{"self":[{"href":"https:\/\/primicias2262.com\/noticias\/wp-json\/wp\/v2\/posts\/94773","targetHints":{"allow":["GET"]}}],"collection":[{"href":"https:\/\/primicias2262.com\/noticias\/wp-json\/wp\/v2\/posts"}],"about":[{"href":"https:\/\/primicias2262.com\/noticias\/wp-json\/wp\/v2\/types\/post"}],"author":[{"embeddable":true,"href":"https:\/\/primicias2262.com\/noticias\/wp-json\/wp\/v2\/users\/3"}],"replies":[{"embeddable":true,"href":"https:\/\/primicias2262.com\/noticias\/wp-json\/wp\/v2\/comments?post=94773"}],"version-history":[{"count":0,"href":"https:\/\/primicias2262.com\/noticias\/wp-json\/wp\/v2\/posts\/94773\/revisions"}],"wp:attachment":[{"href":"https:\/\/primicias2262.com\/noticias\/wp-json\/wp\/v2\/media?parent=94773"}],"wp:term":[{"taxonomy":"category","embeddable":true,"href":"https:\/\/primicias2262.com\/noticias\/wp-json\/wp\/v2\/categories?post=94773"},{"taxonomy":"post_tag","embeddable":true,"href":"https:\/\/primicias2262.com\/noticias\/wp-json\/wp\/v2\/tags?post=94773"}],"curies":[{"name":"wp","href":"https:\/\/api.w.org\/{rel}","templated":true}]}}