{"id":94791,"date":"2022-10-30T19:17:09","date_gmt":"2022-10-30T22:17:09","guid":{"rendered":"https:\/\/primicias2262.com\/?p=94791"},"modified":"2022-10-30T19:17:09","modified_gmt":"2022-10-30T22:17:09","slug":"denunciaron-una-toma-de-terrenos-que-pertenecen-al-poder-judicial","status":"publish","type":"post","link":"https:\/\/primicias2262.com\/noticias\/denunciaron-una-toma-de-terrenos-que-pertenecen-al-poder-judicial\/","title":{"rendered":"Denunciaron una toma de terrenos que pertenecen al Poder Judicial"},"content":{"rendered":"<p>Este s\u00e1bado, la Municipalidad de Necochea realiz\u00f3 la correspondiente denuncia penal en sede policial ante la toma de terrenos en el predio ubicado en Avenida 58 a la altura del 2200, entre calles 43 y 45, por el cual comenzaron a presentarse denuncias de los vecinos con respecto a grupos de personas que estaban cercando el lugar y transportando materiales de construcci\u00f3n.<\/p>\n<p>Los terrenos, propiamente, pertenecen al Poder Judicial de la Provincia de Buenos Aires, cedidos hace algunos a\u00f1os por la administraci\u00f3n municipal para la construcci\u00f3n de un edificio en el que se iban a desenvolver las tareas de distintas dependencias del Departamento Judicial de Necochea que, en la actualidad, est\u00e1n esparcidas en distintas locaciones a lo largo de la ciudad.<\/p>\n<p>Adem\u00e1s, a unos metros, ya se erigen las bases de lo que ser\u00e1 la nueva \u201cCasa de la Provincia\u201d, que tiene por objetivo centralizar en un solo lugar todos los tr\u00e1mites estatales que tengan que ver con la Gobernaci\u00f3n bonaerense.<\/p>\n<p>Seg\u00fan reza la denuncia, firmada por el director General de Coordinaci\u00f3n de Pol\u00edticas de Seguridad de la comuna, \u00c1ngel V\u00e1zquez, a primeras horas de este s\u00e1bado se tom\u00f3 conocimiento de una situaci\u00f3n direccionada a \u201cla toma de terrenos fiscales\u201d en la zona, dando intervenci\u00f3n a la Polic\u00eda jurisdiccional que tom\u00f3 intervenci\u00f3n de manera inmediata.<\/p>\n<p>\u201cCon el pasar de las horas, la presencia policial como tambi\u00e9n de la Justicia y del propio municipio logr\u00f3 revertir la situaci\u00f3n\u201d, asegura el escrito, refiri\u00e9ndose a una \u201cveintena de vecinos\u201d que hab\u00edan colocado una serie de estacas \u201cdelimitando sectores\/parcelas, realizando una especie de loteo\u201d.<\/p>\n","protected":false},"excerpt":{"rendered":"<p>Este s\u00e1bado, la Municipalidad de Necochea realiz\u00f3 la correspondiente denuncia penal en sede policial ante la toma de terrenos en el predio ubicado en Avenida 58 a la altura del 2200, entre calles 43 y 45, por el cual comenzaron a presentarse denuncias de los vecinos con respecto a grupos de personas que estaban cercando [&hellip;]<\/p>\n","protected":false},"author":3,"featured_media":94792,"comment_status":"closed","ping_status":"closed","sticky":false,"template":"","format":"standard","meta":{"footnotes":""},"categories":[3],"tags":[],"class_list":["post-94791","post","type-post","status-publish","format-standard","has-post-thumbnail","category-masnoticias"],"_links":{"self":[{"href":"https:\/\/primicias2262.com\/noticias\/wp-json\/wp\/v2\/posts\/94791","targetHints":{"allow":["GET"]}}],"collection":[{"href":"https:\/\/primicias2262.com\/noticias\/wp-json\/wp\/v2\/posts"}],"about":[{"href":"https:\/\/primicias2262.com\/noticias\/wp-json\/wp\/v2\/types\/post"}],"author":[{"embeddable":true,"href":"https:\/\/primicias2262.com\/noticias\/wp-json\/wp\/v2\/users\/3"}],"replies":[{"embeddable":true,"href":"https:\/\/primicias2262.com\/noticias\/wp-json\/wp\/v2\/comments?post=94791"}],"version-history":[{"count":0,"href":"https:\/\/primicias2262.com\/noticias\/wp-json\/wp\/v2\/posts\/94791\/revisions"}],"wp:attachment":[{"href":"https:\/\/primicias2262.com\/noticias\/wp-json\/wp\/v2\/media?parent=94791"}],"wp:term":[{"taxonomy":"category","embeddable":true,"href":"https:\/\/primicias2262.com\/noticias\/wp-json\/wp\/v2\/categories?post=94791"},{"taxonomy":"post_tag","embeddable":true,"href":"https:\/\/primicias2262.com\/noticias\/wp-json\/wp\/v2\/tags?post=94791"}],"curies":[{"name":"wp","href":"https:\/\/api.w.org\/{rel}","templated":true}]}}